{"id":199,"date":"2016-11-09T11:44:39","date_gmt":"2016-11-09T11:44:39","guid":{"rendered":"https:\/\/raratheme.com\/preview\/numinous\/?p=199"},"modified":"2025-10-05T12:00:47","modified_gmt":"2025-10-05T12:00:47","slug":"acceso-justicia-camino-base","status":"publish","type":"post","link":"https:\/\/escolaj.com\/index.php\/2016\/11\/09\/acceso-justicia-camino-base\/","title":{"rendered":"Acceso a la Justicia: el camino hacia la base jur\u00eddica"},"content":{"rendered":"<p data-start=\"457\" data-end=\"798\">El <strong data-start=\"460\" data-end=\"484\">acceso a la justicia<\/strong> puede compararse a una larga traves\u00eda: requiere preparaci\u00f3n, conocimiento del terreno y una orientaci\u00f3n clara hacia la meta.<br data-start=\"609\" data-end=\"612\" \/>Cada etapa del proceso judicial, desde la interposici\u00f3n de una demanda hasta la ejecuci\u00f3n de una resoluci\u00f3n, implica <strong data-start=\"729\" data-end=\"766\">esfuerzo, estrategia y equilibrio<\/strong> entre la norma y la pr\u00e1ctica.<\/p>\n<p data-start=\"800\" data-end=\"1190\">En <strong data-start=\"803\" data-end=\"814\">Escolaj<\/strong>, entendemos que la pr\u00e1ctica jur\u00eddica no es solo un conjunto de tr\u00e1mites, sino un recorrido que exige <strong data-start=\"916\" data-end=\"954\">constancia, formaci\u00f3n y adaptaci\u00f3n<\/strong>.<br data-start=\"955\" data-end=\"958\" \/>Del mismo modo que los escaladores descansan en campamentos para aclimatarse, los profesionales del Derecho necesitan espacios de <strong data-start=\"1088\" data-end=\"1117\">reflexi\u00f3n y actualizaci\u00f3n<\/strong> que les permitan enfrentarse con \u00e9xito a los retos jur\u00eddicos actuales.<\/p>\n<p data-start=\"1192\" data-end=\"1455\">El avance profesional tambi\u00e9n requiere colaboraci\u00f3n: as\u00ed como los gu\u00edas y sherpas acompa\u00f1an en el ascenso, los <strong data-start=\"1303\" data-end=\"1324\">equipos jur\u00eddicos<\/strong> \u2014letrados, jueces, fiscales y abogados\u2014 progresan cuando comparten conocimiento, experiencias y modelos que fortalecen su labor.<\/p>\n<p data-start=\"1457\" data-end=\"1717\">En ocasiones, el camino presenta obst\u00e1culos: reformas legislativas, cambios de criterio jurisprudencial o sobrecarga procesal.<br data-start=\"1583\" data-end=\"1586\" \/>Sin embargo, cada reto impulsa a perfeccionar las habilidades jur\u00eddicas y a consolidar una pr\u00e1ctica m\u00e1s \u00e1gil, eficiente y humana.<\/p>\n<p data-start=\"1719\" data-end=\"2058\"><strong data-start=\"1719\" data-end=\"1730\">Escolaj<\/strong> acompa\u00f1a este ascenso profesional proporcionando <strong data-start=\"1780\" data-end=\"1843\">recursos pr\u00e1cticos, modelos procesales y an\u00e1lisis jur\u00eddicos<\/strong> que facilitan la superaci\u00f3n de cada etapa.<br data-start=\"1886\" data-end=\"1889\" \/>Nuestro prop\u00f3sito es que cada profesional encuentre aqu\u00ed su propio \u201ccampamento base\u201d: un punto de apoyo desde el cual continuar su progreso hacia la excelencia jur\u00eddica.<\/p>\n","protected":false},"excerpt":{"rendered":"<p>El acceso a la justicia puede compararse a una larga traves\u00eda: requiere preparaci\u00f3n, conocimiento del terreno y una orientaci\u00f3n clara &hellip; <\/p>\n","protected":false},"author":1,"featured_media":200,"comment_status":"closed","ping_status":"open","sticky":false,"template":"","format":"standard","meta":{"footnotes":""},"categories":[13],"tags":[14,15,16,17],"class_list":["post-199","post","type-post","status-publish","format-standard","has-post-thumbnail","hentry","category-formacion-juridica","tag-acceso-a-la-justicia","tag-desarrollo-profesional","tag-practica-juridica","tag-recursos-juridicos"],"yoast_head":"<!-- This site is optimized with the Yoast SEO plugin v26.0 - https:\/\/yoast.com\/wordpress\/plugins\/seo\/ -->\n<title>Acceso a la Justicia: el camino hacia la base jur\u00eddica - Escolaj<\/title>\n<meta name=\"description\" content=\"El acceso a la justicia es un proceso de aprendizaje y superaci\u00f3n. Escolaj ofrece recursos jur\u00eddicos y materiales pr\u00e1cticos para avanzar hacia la excelencia profesional.\" \/>\n<meta name=\"robots\" content=\"index, follow, max-snippet:-1, max-image-preview:large, max-video-preview:-1\" \/>\n<link rel=\"canonical\" href=\"https:\/\/escolaj.com\/index.php\/2016\/11\/09\/acceso-justicia-camino-base\/\" \/>\n<meta property=\"og:locale\" content=\"es_ES\" \/>\n<meta property=\"og:type\" content=\"article\" \/>\n<meta property=\"og:title\" content=\"Acceso a la Justicia: el camino hacia la base jur\u00eddica - Escolaj\" \/>\n<meta property=\"og:description\" content=\"El acceso a la justicia es un proceso de aprendizaje y superaci\u00f3n. Escolaj ofrece recursos jur\u00eddicos y materiales pr\u00e1cticos para avanzar hacia la excelencia profesional.\" \/>\n<meta property=\"og:url\" content=\"https:\/\/escolaj.com\/index.php\/2016\/11\/09\/acceso-justicia-camino-base\/\" \/>\n<meta property=\"og:site_name\" content=\"Escolaj\" \/>\n<meta property=\"article:published_time\" content=\"2016-11-09T11:44:39+00:00\" \/>\n<meta property=\"article:modified_time\" content=\"2025-10-05T12:00:47+00:00\" \/>\n<meta property=\"og:image\" content=\"https:\/\/escolaj.com\/wp-content\/uploads\/2016\/11\/africa-21787_1920.jpg\" \/>\n\t<meta property=\"og:image:width\" content=\"1000\" \/>\n\t<meta property=\"og:image:height\" content=\"666\" \/>\n\t<meta property=\"og:image:type\" content=\"image\/jpeg\" \/>\n<meta name=\"author\" content=\"admin\" \/>\n<meta name=\"twitter:card\" content=\"summary_large_image\" \/>\n<meta name=\"twitter:label1\" content=\"Escrito por\" \/>\n\t<meta name=\"twitter:data1\" content=\"admin\" \/>\n\t<meta name=\"twitter:label2\" content=\"Tiempo de lectura\" \/>\n\t<meta name=\"twitter:data2\" content=\"2 minutos\" \/>\n<script type=\"application\/ld+json\" class=\"yoast-schema-graph\">{\"@context\":\"https:\/\/schema.org\",\"@graph\":[{\"@type\":\"Article\",\"@id\":\"https:\/\/escolaj.com\/index.php\/2016\/11\/09\/acceso-justicia-camino-base\/#article\",\"isPartOf\":{\"@id\":\"https:\/\/escolaj.com\/index.php\/2016\/11\/09\/acceso-justicia-camino-base\/\"},\"author\":{\"name\":\"admin\",\"@id\":\"https:\/\/escolaj.com\/#\/schema\/person\/2cde39bc3e4644bd3c1bc46d69a1b052\"},\"headline\":\"Acceso a la Justicia: el camino hacia la base jur\u00eddica\",\"datePublished\":\"2016-11-09T11:44:39+00:00\",\"dateModified\":\"2025-10-05T12:00:47+00:00\",\"mainEntityOfPage\":{\"@id\":\"https:\/\/escolaj.com\/index.php\/2016\/11\/09\/acceso-justicia-camino-base\/\"},\"wordCount\":264,\"publisher\":{\"@id\":\"https:\/\/escolaj.com\/#organization\"},\"image\":{\"@id\":\"https:\/\/escolaj.com\/index.php\/2016\/11\/09\/acceso-justicia-camino-base\/#primaryimage\"},\"thumbnailUrl\":\"https:\/\/escolaj.com\/wp-content\/uploads\/2016\/11\/africa-21787_1920.jpg\",\"keywords\":[\"acceso a la justicia\",\"desarrollo profesional\",\"pr\u00e1ctica jur\u00eddica\",\"recursos jur\u00eddicos\"],\"articleSection\":[\"Formaci\u00f3n jur\u00eddica\"],\"inLanguage\":\"es\"},{\"@type\":\"WebPage\",\"@id\":\"https:\/\/escolaj.com\/index.php\/2016\/11\/09\/acceso-justicia-camino-base\/\",\"url\":\"https:\/\/escolaj.com\/index.php\/2016\/11\/09\/acceso-justicia-camino-base\/\",\"name\":\"Acceso a la Justicia: el camino hacia la base jur\u00eddica - Escolaj\",\"isPartOf\":{\"@id\":\"https:\/\/escolaj.com\/#website\"},\"primaryImageOfPage\":{\"@id\":\"https:\/\/escolaj.com\/index.php\/2016\/11\/09\/acceso-justicia-camino-base\/#primaryimage\"},\"image\":{\"@id\":\"https:\/\/escolaj.com\/index.php\/2016\/11\/09\/acceso-justicia-camino-base\/#primaryimage\"},\"thumbnailUrl\":\"https:\/\/escolaj.com\/wp-content\/uploads\/2016\/11\/africa-21787_1920.jpg\",\"datePublished\":\"2016-11-09T11:44:39+00:00\",\"dateModified\":\"2025-10-05T12:00:47+00:00\",\"description\":\"El acceso a la justicia es un proceso de aprendizaje y superaci\u00f3n. Escolaj ofrece recursos jur\u00eddicos y materiales pr\u00e1cticos para avanzar hacia la excelencia profesional.\",\"breadcrumb\":{\"@id\":\"https:\/\/escolaj.com\/index.php\/2016\/11\/09\/acceso-justicia-camino-base\/#breadcrumb\"},\"inLanguage\":\"es\",\"potentialAction\":[{\"@type\":\"ReadAction\",\"target\":[\"https:\/\/escolaj.com\/index.php\/2016\/11\/09\/acceso-justicia-camino-base\/\"]}]},{\"@type\":\"ImageObject\",\"inLanguage\":\"es\",\"@id\":\"https:\/\/escolaj.com\/index.php\/2016\/11\/09\/acceso-justicia-camino-base\/#primaryimage\",\"url\":\"https:\/\/escolaj.com\/wp-content\/uploads\/2016\/11\/africa-21787_1920.jpg\",\"contentUrl\":\"https:\/\/escolaj.com\/wp-content\/uploads\/2016\/11\/africa-21787_1920.jpg\",\"width\":1000,\"height\":666},{\"@type\":\"BreadcrumbList\",\"@id\":\"https:\/\/escolaj.com\/index.php\/2016\/11\/09\/acceso-justicia-camino-base\/#breadcrumb\",\"itemListElement\":[{\"@type\":\"ListItem\",\"position\":1,\"name\":\"Portada\",\"item\":\"https:\/\/escolaj.com\/\"},{\"@type\":\"ListItem\",\"position\":2,\"name\":\"Acceso a la Justicia: el camino hacia la base jur\u00eddica\"}]},{\"@type\":\"WebSite\",\"@id\":\"https:\/\/escolaj.com\/#website\",\"url\":\"https:\/\/escolaj.com\/\",\"name\":\"Escolaj\",\"description\":\"\",\"publisher\":{\"@id\":\"https:\/\/escolaj.com\/#organization\"},\"potentialAction\":[{\"@type\":\"SearchAction\",\"target\":{\"@type\":\"EntryPoint\",\"urlTemplate\":\"https:\/\/escolaj.com\/?s={search_term_string}\"},\"query-input\":{\"@type\":\"PropertyValueSpecification\",\"valueRequired\":true,\"valueName\":\"search_term_string\"}}],\"inLanguage\":\"es\"},{\"@type\":\"Organization\",\"@id\":\"https:\/\/escolaj.com\/#organization\",\"name\":\"Escolaj\",\"url\":\"https:\/\/escolaj.com\/\",\"logo\":{\"@type\":\"ImageObject\",\"inLanguage\":\"es\",\"@id\":\"https:\/\/escolaj.com\/#\/schema\/logo\/image\/\",\"url\":\"https:\/\/escolaj.com\/wp-content\/uploads\/2025\/10\/escolaj-photo_2025-10-05_10-59-00.jpg\",\"contentUrl\":\"https:\/\/escolaj.com\/wp-content\/uploads\/2025\/10\/escolaj-photo_2025-10-05_10-59-00.jpg\",\"width\":986,\"height\":1074,\"caption\":\"Escolaj\"},\"image\":{\"@id\":\"https:\/\/escolaj.com\/#\/schema\/logo\/image\/\"}},{\"@type\":\"Person\",\"@id\":\"https:\/\/escolaj.com\/#\/schema\/person\/2cde39bc3e4644bd3c1bc46d69a1b052\",\"name\":\"admin\",\"image\":{\"@type\":\"ImageObject\",\"inLanguage\":\"es\",\"@id\":\"https:\/\/escolaj.com\/#\/schema\/person\/image\/\",\"url\":\"https:\/\/secure.gravatar.com\/avatar\/508450c2bab24121198a6d7f9e0d2af23d4009e872cfa7d3f272371e28ca7f8f?s=96&d=mm&r=g\",\"contentUrl\":\"https:\/\/secure.gravatar.com\/avatar\/508450c2bab24121198a6d7f9e0d2af23d4009e872cfa7d3f272371e28ca7f8f?s=96&d=mm&r=g\",\"caption\":\"admin\"},\"sameAs\":[\"https:\/\/escolaj.com\"],\"url\":\"https:\/\/escolaj.com\/index.php\/author\/escolaj-jesabogado1234\/\"}]}<\/script>\n<!-- \/ Yoast SEO plugin. -->","yoast_head_json":{"title":"Acceso a la Justicia: el camino hacia la base jur\u00eddica - Escolaj","description":"El acceso a la justicia es un proceso de aprendizaje y superaci\u00f3n. Escolaj ofrece recursos jur\u00eddicos y materiales pr\u00e1cticos para avanzar hacia la excelencia profesional.","robots":{"index":"index","follow":"follow","max-snippet":"max-snippet:-1","max-image-preview":"max-image-preview:large","max-video-preview":"max-video-preview:-1"},"canonical":"https:\/\/escolaj.com\/index.php\/2016\/11\/09\/acceso-justicia-camino-base\/","og_locale":"es_ES","og_type":"article","og_title":"Acceso a la Justicia: el camino hacia la base jur\u00eddica - Escolaj","og_description":"El acceso a la justicia es un proceso de aprendizaje y superaci\u00f3n. Escolaj ofrece recursos jur\u00eddicos y materiales pr\u00e1cticos para avanzar hacia la excelencia profesional.","og_url":"https:\/\/escolaj.com\/index.php\/2016\/11\/09\/acceso-justicia-camino-base\/","og_site_name":"Escolaj","article_published_time":"2016-11-09T11:44:39+00:00","article_modified_time":"2025-10-05T12:00:47+00:00","og_image":[{"width":1000,"height":666,"url":"https:\/\/escolaj.com\/wp-content\/uploads\/2016\/11\/africa-21787_1920.jpg","type":"image\/jpeg"}],"author":"admin","twitter_card":"summary_large_image","twitter_misc":{"Escrito por":"admin","Tiempo de lectura":"2 minutos"},"schema":{"@context":"https:\/\/schema.org","@graph":[{"@type":"Article","@id":"https:\/\/escolaj.com\/index.php\/2016\/11\/09\/acceso-justicia-camino-base\/#article","isPartOf":{"@id":"https:\/\/escolaj.com\/index.php\/2016\/11\/09\/acceso-justicia-camino-base\/"},"author":{"name":"admin","@id":"https:\/\/escolaj.com\/#\/schema\/person\/2cde39bc3e4644bd3c1bc46d69a1b052"},"headline":"Acceso a la Justicia: el camino hacia la base jur\u00eddica","datePublished":"2016-11-09T11:44:39+00:00","dateModified":"2025-10-05T12:00:47+00:00","mainEntityOfPage":{"@id":"https:\/\/escolaj.com\/index.php\/2016\/11\/09\/acceso-justicia-camino-base\/"},"wordCount":264,"publisher":{"@id":"https:\/\/escolaj.com\/#organization"},"image":{"@id":"https:\/\/escolaj.com\/index.php\/2016\/11\/09\/acceso-justicia-camino-base\/#primaryimage"},"thumbnailUrl":"https:\/\/escolaj.com\/wp-content\/uploads\/2016\/11\/africa-21787_1920.jpg","keywords":["acceso a la justicia","desarrollo profesional","pr\u00e1ctica jur\u00eddica","recursos jur\u00eddicos"],"articleSection":["Formaci\u00f3n jur\u00eddica"],"inLanguage":"es"},{"@type":"WebPage","@id":"https:\/\/escolaj.com\/index.php\/2016\/11\/09\/acceso-justicia-camino-base\/","url":"https:\/\/escolaj.com\/index.php\/2016\/11\/09\/acceso-justicia-camino-base\/","name":"Acceso a la Justicia: el camino hacia la base jur\u00eddica - Escolaj","isPartOf":{"@id":"https:\/\/escolaj.com\/#website"},"primaryImageOfPage":{"@id":"https:\/\/escolaj.com\/index.php\/2016\/11\/09\/acceso-justicia-camino-base\/#primaryimage"},"image":{"@id":"https:\/\/escolaj.com\/index.php\/2016\/11\/09\/acceso-justicia-camino-base\/#primaryimage"},"thumbnailUrl":"https:\/\/escolaj.com\/wp-content\/uploads\/2016\/11\/africa-21787_1920.jpg","datePublished":"2016-11-09T11:44:39+00:00","dateModified":"2025-10-05T12:00:47+00:00","description":"El acceso a la justicia es un proceso de aprendizaje y superaci\u00f3n. Escolaj ofrece recursos jur\u00eddicos y materiales pr\u00e1cticos para avanzar hacia la excelencia profesional.","breadcrumb":{"@id":"https:\/\/escolaj.com\/index.php\/2016\/11\/09\/acceso-justicia-camino-base\/#breadcrumb"},"inLanguage":"es","potentialAction":[{"@type":"ReadAction","target":["https:\/\/escolaj.com\/index.php\/2016\/11\/09\/acceso-justicia-camino-base\/"]}]},{"@type":"ImageObject","inLanguage":"es","@id":"https:\/\/escolaj.com\/index.php\/2016\/11\/09\/acceso-justicia-camino-base\/#primaryimage","url":"https:\/\/escolaj.com\/wp-content\/uploads\/2016\/11\/africa-21787_1920.jpg","contentUrl":"https:\/\/escolaj.com\/wp-content\/uploads\/2016\/11\/africa-21787_1920.jpg","width":1000,"height":666},{"@type":"BreadcrumbList","@id":"https:\/\/escolaj.com\/index.php\/2016\/11\/09\/acceso-justicia-camino-base\/#breadcrumb","itemListElement":[{"@type":"ListItem","position":1,"name":"Portada","item":"https:\/\/escolaj.com\/"},{"@type":"ListItem","position":2,"name":"Acceso a la Justicia: el camino hacia la base jur\u00eddica"}]},{"@type":"WebSite","@id":"https:\/\/escolaj.com\/#website","url":"https:\/\/escolaj.com\/","name":"Escolaj","description":"","publisher":{"@id":"https:\/\/escolaj.com\/#organization"},"potentialAction":[{"@type":"SearchAction","target":{"@type":"EntryPoint","urlTemplate":"https:\/\/escolaj.com\/?s={search_term_string}"},"query-input":{"@type":"PropertyValueSpecification","valueRequired":true,"valueName":"search_term_string"}}],"inLanguage":"es"},{"@type":"Organization","@id":"https:\/\/escolaj.com\/#organization","name":"Escolaj","url":"https:\/\/escolaj.com\/","logo":{"@type":"ImageObject","inLanguage":"es","@id":"https:\/\/escolaj.com\/#\/schema\/logo\/image\/","url":"https:\/\/escolaj.com\/wp-content\/uploads\/2025\/10\/escolaj-photo_2025-10-05_10-59-00.jpg","contentUrl":"https:\/\/escolaj.com\/wp-content\/uploads\/2025\/10\/escolaj-photo_2025-10-05_10-59-00.jpg","width":986,"height":1074,"caption":"Escolaj"},"image":{"@id":"https:\/\/escolaj.com\/#\/schema\/logo\/image\/"}},{"@type":"Person","@id":"https:\/\/escolaj.com\/#\/schema\/person\/2cde39bc3e4644bd3c1bc46d69a1b052","name":"admin","image":{"@type":"ImageObject","inLanguage":"es","@id":"https:\/\/escolaj.com\/#\/schema\/person\/image\/","url":"https:\/\/secure.gravatar.com\/avatar\/508450c2bab24121198a6d7f9e0d2af23d4009e872cfa7d3f272371e28ca7f8f?s=96&d=mm&r=g","contentUrl":"https:\/\/secure.gravatar.com\/avatar\/508450c2bab24121198a6d7f9e0d2af23d4009e872cfa7d3f272371e28ca7f8f?s=96&d=mm&r=g","caption":"admin"},"sameAs":["https:\/\/escolaj.com"],"url":"https:\/\/escolaj.com\/index.php\/author\/escolaj-jesabogado1234\/"}]}},"_links":{"self":[{"href":"https:\/\/escolaj.com\/index.php\/wp-json\/wp\/v2\/posts\/199","targetHints":{"allow":["GET"]}}],"collection":[{"href":"https:\/\/escolaj.com\/index.php\/wp-json\/wp\/v2\/posts"}],"about":[{"href":"https:\/\/escolaj.com\/index.php\/wp-json\/wp\/v2\/types\/post"}],"author":[{"embeddable":true,"href":"https:\/\/escolaj.com\/index.php\/wp-json\/wp\/v2\/users\/1"}],"replies":[{"embeddable":true,"href":"https:\/\/escolaj.com\/index.php\/wp-json\/wp\/v2\/comments?post=199"}],"version-history":[{"count":2,"href":"https:\/\/escolaj.com\/index.php\/wp-json\/wp\/v2\/posts\/199\/revisions"}],"predecessor-version":[{"id":467,"href":"https:\/\/escolaj.com\/index.php\/wp-json\/wp\/v2\/posts\/199\/revisions\/467"}],"wp:featuredmedia":[{"embeddable":true,"href":"https:\/\/escolaj.com\/index.php\/wp-json\/wp\/v2\/media\/200"}],"wp:attachment":[{"href":"https:\/\/escolaj.com\/index.php\/wp-json\/wp\/v2\/media?parent=199"}],"wp:term":[{"taxonomy":"category","embeddable":true,"href":"https:\/\/escolaj.com\/index.php\/wp-json\/wp\/v2\/categories?post=199"},{"taxonomy":"post_tag","embeddable":true,"href":"https:\/\/escolaj.com\/index.php\/wp-json\/wp\/v2\/tags?post=199"}],"curies":[{"name":"wp","href":"https:\/\/api.w.org\/{rel}","templated":true}]}}