{"id":243,"date":"2016-11-15T10:50:19","date_gmt":"2016-11-15T10:50:19","guid":{"rendered":"https:\/\/raratheme.com\/preview\/education-zone\/?p=243"},"modified":"2025-10-05T11:54:51","modified_gmt":"2025-10-05T11:54:51","slug":"futuros-profesionales","status":"publish","type":"post","link":"https:\/\/escolaj.com\/index.php\/2016\/11\/15\/futuros-profesionales\/","title":{"rendered":"Futuros profesionales del Derecho"},"content":{"rendered":"<p>Si compartes nuestra pasi\u00f3n por el conocimiento jur\u00eddico y crees en el valor de difundir ideas que mejoren la pr\u00e1ctica del Derecho, <strong data-start=\"503\" data-end=\"514\">Escolaj<\/strong> es tu espacio.<br data-start=\"529\" data-end=\"532\" \/>Aqu\u00ed podr\u00e1s aprender, aportar y crecer junto a otros profesionales comprometidos con una justicia m\u00e1s moderna y colaborativa.<\/p>\n","protected":false},"excerpt":{"rendered":"<p>Si compartes nuestra pasi\u00f3n por el conocimiento jur\u00eddico y crees en el valor de difundir ideas que mejoren la pr\u00e1ctica &hellip; <\/p>\n","protected":false},"author":1,"featured_media":261,"comment_status":"closed","ping_status":"open","sticky":false,"template":"","format":"standard","meta":{"footnotes":""},"categories":[1],"tags":[],"class_list":["post-243","post","type-post","status-publish","format-standard","has-post-thumbnail","hentry","category-uncategorized"],"yoast_head":"<!-- This site is optimized with the Yoast SEO plugin v26.0 - https:\/\/yoast.com\/wordpress\/plugins\/seo\/ -->\n<title>Futuros profesionales del Derecho - Escolaj<\/title>\n<meta name=\"robots\" content=\"index, follow, max-snippet:-1, max-image-preview:large, max-video-preview:-1\" \/>\n<link rel=\"canonical\" href=\"https:\/\/escolaj.com\/index.php\/2016\/11\/15\/futuros-profesionales\/\" \/>\n<meta property=\"og:locale\" content=\"es_ES\" \/>\n<meta property=\"og:type\" content=\"article\" \/>\n<meta property=\"og:title\" content=\"Futuros profesionales del Derecho - Escolaj\" \/>\n<meta property=\"og:description\" content=\"Si compartes nuestra pasi\u00f3n por el conocimiento jur\u00eddico y crees en el valor de difundir ideas que mejoren la pr\u00e1ctica &hellip;\" \/>\n<meta property=\"og:url\" content=\"https:\/\/escolaj.com\/index.php\/2016\/11\/15\/futuros-profesionales\/\" \/>\n<meta property=\"og:site_name\" content=\"Escolaj\" \/>\n<meta property=\"article:published_time\" content=\"2016-11-15T10:50:19+00:00\" \/>\n<meta property=\"article:modified_time\" content=\"2025-10-05T11:54:51+00:00\" \/>\n<meta property=\"og:image\" content=\"https:\/\/escolaj.com\/wp-content\/uploads\/2016\/11\/testimonial-icon1.png\" \/>\n\t<meta property=\"og:image:width\" content=\"63\" \/>\n\t<meta property=\"og:image:height\" content=\"37\" \/>\n\t<meta property=\"og:image:type\" content=\"image\/png\" \/>\n<meta name=\"author\" content=\"admin\" \/>\n<meta name=\"twitter:card\" content=\"summary_large_image\" \/>\n<meta name=\"twitter:label1\" content=\"Escrito por\" \/>\n\t<meta name=\"twitter:data1\" content=\"admin\" \/>\n\t<meta name=\"twitter:label2\" content=\"Tiempo de lectura\" \/>\n\t<meta name=\"twitter:data2\" content=\"1 minuto\" \/>\n<script type=\"application\/ld+json\" class=\"yoast-schema-graph\">{\"@context\":\"https:\/\/schema.org\",\"@graph\":[{\"@type\":\"Article\",\"@id\":\"https:\/\/escolaj.com\/index.php\/2016\/11\/15\/futuros-profesionales\/#article\",\"isPartOf\":{\"@id\":\"https:\/\/escolaj.com\/index.php\/2016\/11\/15\/futuros-profesionales\/\"},\"author\":{\"name\":\"admin\",\"@id\":\"https:\/\/escolaj.com\/#\/schema\/person\/2cde39bc3e4644bd3c1bc46d69a1b052\"},\"headline\":\"Futuros profesionales del Derecho\",\"datePublished\":\"2016-11-15T10:50:19+00:00\",\"dateModified\":\"2025-10-05T11:54:51+00:00\",\"mainEntityOfPage\":{\"@id\":\"https:\/\/escolaj.com\/index.php\/2016\/11\/15\/futuros-profesionales\/\"},\"wordCount\":53,\"publisher\":{\"@id\":\"https:\/\/escolaj.com\/#organization\"},\"image\":{\"@id\":\"https:\/\/escolaj.com\/index.php\/2016\/11\/15\/futuros-profesionales\/#primaryimage\"},\"thumbnailUrl\":\"https:\/\/escolaj.com\/wp-content\/uploads\/2016\/11\/testimonial-icon1.png\",\"articleSection\":[\"Uncategorized\"],\"inLanguage\":\"es\"},{\"@type\":\"WebPage\",\"@id\":\"https:\/\/escolaj.com\/index.php\/2016\/11\/15\/futuros-profesionales\/\",\"url\":\"https:\/\/escolaj.com\/index.php\/2016\/11\/15\/futuros-profesionales\/\",\"name\":\"Futuros profesionales del Derecho - Escolaj\",\"isPartOf\":{\"@id\":\"https:\/\/escolaj.com\/#website\"},\"primaryImageOfPage\":{\"@id\":\"https:\/\/escolaj.com\/index.php\/2016\/11\/15\/futuros-profesionales\/#primaryimage\"},\"image\":{\"@id\":\"https:\/\/escolaj.com\/index.php\/2016\/11\/15\/futuros-profesionales\/#primaryimage\"},\"thumbnailUrl\":\"https:\/\/escolaj.com\/wp-content\/uploads\/2016\/11\/testimonial-icon1.png\",\"datePublished\":\"2016-11-15T10:50:19+00:00\",\"dateModified\":\"2025-10-05T11:54:51+00:00\",\"breadcrumb\":{\"@id\":\"https:\/\/escolaj.com\/index.php\/2016\/11\/15\/futuros-profesionales\/#breadcrumb\"},\"inLanguage\":\"es\",\"potentialAction\":[{\"@type\":\"ReadAction\",\"target\":[\"https:\/\/escolaj.com\/index.php\/2016\/11\/15\/futuros-profesionales\/\"]}]},{\"@type\":\"ImageObject\",\"inLanguage\":\"es\",\"@id\":\"https:\/\/escolaj.com\/index.php\/2016\/11\/15\/futuros-profesionales\/#primaryimage\",\"url\":\"https:\/\/escolaj.com\/wp-content\/uploads\/2016\/11\/testimonial-icon1.png\",\"contentUrl\":\"https:\/\/escolaj.com\/wp-content\/uploads\/2016\/11\/testimonial-icon1.png\",\"width\":63,\"height\":37},{\"@type\":\"BreadcrumbList\",\"@id\":\"https:\/\/escolaj.com\/index.php\/2016\/11\/15\/futuros-profesionales\/#breadcrumb\",\"itemListElement\":[{\"@type\":\"ListItem\",\"position\":1,\"name\":\"Portada\",\"item\":\"https:\/\/escolaj.com\/\"},{\"@type\":\"ListItem\",\"position\":2,\"name\":\"Futuros profesionales del Derecho\"}]},{\"@type\":\"WebSite\",\"@id\":\"https:\/\/escolaj.com\/#website\",\"url\":\"https:\/\/escolaj.com\/\",\"name\":\"Escolaj\",\"description\":\"\",\"publisher\":{\"@id\":\"https:\/\/escolaj.com\/#organization\"},\"potentialAction\":[{\"@type\":\"SearchAction\",\"target\":{\"@type\":\"EntryPoint\",\"urlTemplate\":\"https:\/\/escolaj.com\/?s={search_term_string}\"},\"query-input\":{\"@type\":\"PropertyValueSpecification\",\"valueRequired\":true,\"valueName\":\"search_term_string\"}}],\"inLanguage\":\"es\"},{\"@type\":\"Organization\",\"@id\":\"https:\/\/escolaj.com\/#organization\",\"name\":\"Escolaj\",\"url\":\"https:\/\/escolaj.com\/\",\"logo\":{\"@type\":\"ImageObject\",\"inLanguage\":\"es\",\"@id\":\"https:\/\/escolaj.com\/#\/schema\/logo\/image\/\",\"url\":\"https:\/\/escolaj.com\/wp-content\/uploads\/2025\/10\/escolaj-photo_2025-10-05_10-59-00.jpg\",\"contentUrl\":\"https:\/\/escolaj.com\/wp-content\/uploads\/2025\/10\/escolaj-photo_2025-10-05_10-59-00.jpg\",\"width\":986,\"height\":1074,\"caption\":\"Escolaj\"},\"image\":{\"@id\":\"https:\/\/escolaj.com\/#\/schema\/logo\/image\/\"}},{\"@type\":\"Person\",\"@id\":\"https:\/\/escolaj.com\/#\/schema\/person\/2cde39bc3e4644bd3c1bc46d69a1b052\",\"name\":\"admin\",\"image\":{\"@type\":\"ImageObject\",\"inLanguage\":\"es\",\"@id\":\"https:\/\/escolaj.com\/#\/schema\/person\/image\/\",\"url\":\"https:\/\/secure.gravatar.com\/avatar\/508450c2bab24121198a6d7f9e0d2af23d4009e872cfa7d3f272371e28ca7f8f?s=96&d=mm&r=g\",\"contentUrl\":\"https:\/\/secure.gravatar.com\/avatar\/508450c2bab24121198a6d7f9e0d2af23d4009e872cfa7d3f272371e28ca7f8f?s=96&d=mm&r=g\",\"caption\":\"admin\"},\"sameAs\":[\"https:\/\/escolaj.com\"],\"url\":\"https:\/\/escolaj.com\/index.php\/author\/escolaj-jesabogado1234\/\"}]}<\/script>\n<!-- \/ Yoast SEO plugin. -->","yoast_head_json":{"title":"Futuros profesionales del Derecho - Escolaj","robots":{"index":"index","follow":"follow","max-snippet":"max-snippet:-1","max-image-preview":"max-image-preview:large","max-video-preview":"max-video-preview:-1"},"canonical":"https:\/\/escolaj.com\/index.php\/2016\/11\/15\/futuros-profesionales\/","og_locale":"es_ES","og_type":"article","og_title":"Futuros profesionales del Derecho - Escolaj","og_description":"Si compartes nuestra pasi\u00f3n por el conocimiento jur\u00eddico y crees en el valor de difundir ideas que mejoren la pr\u00e1ctica &hellip;","og_url":"https:\/\/escolaj.com\/index.php\/2016\/11\/15\/futuros-profesionales\/","og_site_name":"Escolaj","article_published_time":"2016-11-15T10:50:19+00:00","article_modified_time":"2025-10-05T11:54:51+00:00","og_image":[{"width":63,"height":37,"url":"https:\/\/escolaj.com\/wp-content\/uploads\/2016\/11\/testimonial-icon1.png","type":"image\/png"}],"author":"admin","twitter_card":"summary_large_image","twitter_misc":{"Escrito por":"admin","Tiempo de lectura":"1 minuto"},"schema":{"@context":"https:\/\/schema.org","@graph":[{"@type":"Article","@id":"https:\/\/escolaj.com\/index.php\/2016\/11\/15\/futuros-profesionales\/#article","isPartOf":{"@id":"https:\/\/escolaj.com\/index.php\/2016\/11\/15\/futuros-profesionales\/"},"author":{"name":"admin","@id":"https:\/\/escolaj.com\/#\/schema\/person\/2cde39bc3e4644bd3c1bc46d69a1b052"},"headline":"Futuros profesionales del Derecho","datePublished":"2016-11-15T10:50:19+00:00","dateModified":"2025-10-05T11:54:51+00:00","mainEntityOfPage":{"@id":"https:\/\/escolaj.com\/index.php\/2016\/11\/15\/futuros-profesionales\/"},"wordCount":53,"publisher":{"@id":"https:\/\/escolaj.com\/#organization"},"image":{"@id":"https:\/\/escolaj.com\/index.php\/2016\/11\/15\/futuros-profesionales\/#primaryimage"},"thumbnailUrl":"https:\/\/escolaj.com\/wp-content\/uploads\/2016\/11\/testimonial-icon1.png","articleSection":["Uncategorized"],"inLanguage":"es"},{"@type":"WebPage","@id":"https:\/\/escolaj.com\/index.php\/2016\/11\/15\/futuros-profesionales\/","url":"https:\/\/escolaj.com\/index.php\/2016\/11\/15\/futuros-profesionales\/","name":"Futuros profesionales del Derecho - Escolaj","isPartOf":{"@id":"https:\/\/escolaj.com\/#website"},"primaryImageOfPage":{"@id":"https:\/\/escolaj.com\/index.php\/2016\/11\/15\/futuros-profesionales\/#primaryimage"},"image":{"@id":"https:\/\/escolaj.com\/index.php\/2016\/11\/15\/futuros-profesionales\/#primaryimage"},"thumbnailUrl":"https:\/\/escolaj.com\/wp-content\/uploads\/2016\/11\/testimonial-icon1.png","datePublished":"2016-11-15T10:50:19+00:00","dateModified":"2025-10-05T11:54:51+00:00","breadcrumb":{"@id":"https:\/\/escolaj.com\/index.php\/2016\/11\/15\/futuros-profesionales\/#breadcrumb"},"inLanguage":"es","potentialAction":[{"@type":"ReadAction","target":["https:\/\/escolaj.com\/index.php\/2016\/11\/15\/futuros-profesionales\/"]}]},{"@type":"ImageObject","inLanguage":"es","@id":"https:\/\/escolaj.com\/index.php\/2016\/11\/15\/futuros-profesionales\/#primaryimage","url":"https:\/\/escolaj.com\/wp-content\/uploads\/2016\/11\/testimonial-icon1.png","contentUrl":"https:\/\/escolaj.com\/wp-content\/uploads\/2016\/11\/testimonial-icon1.png","width":63,"height":37},{"@type":"BreadcrumbList","@id":"https:\/\/escolaj.com\/index.php\/2016\/11\/15\/futuros-profesionales\/#breadcrumb","itemListElement":[{"@type":"ListItem","position":1,"name":"Portada","item":"https:\/\/escolaj.com\/"},{"@type":"ListItem","position":2,"name":"Futuros profesionales del Derecho"}]},{"@type":"WebSite","@id":"https:\/\/escolaj.com\/#website","url":"https:\/\/escolaj.com\/","name":"Escolaj","description":"","publisher":{"@id":"https:\/\/escolaj.com\/#organization"},"potentialAction":[{"@type":"SearchAction","target":{"@type":"EntryPoint","urlTemplate":"https:\/\/escolaj.com\/?s={search_term_string}"},"query-input":{"@type":"PropertyValueSpecification","valueRequired":true,"valueName":"search_term_string"}}],"inLanguage":"es"},{"@type":"Organization","@id":"https:\/\/escolaj.com\/#organization","name":"Escolaj","url":"https:\/\/escolaj.com\/","logo":{"@type":"ImageObject","inLanguage":"es","@id":"https:\/\/escolaj.com\/#\/schema\/logo\/image\/","url":"https:\/\/escolaj.com\/wp-content\/uploads\/2025\/10\/escolaj-photo_2025-10-05_10-59-00.jpg","contentUrl":"https:\/\/escolaj.com\/wp-content\/uploads\/2025\/10\/escolaj-photo_2025-10-05_10-59-00.jpg","width":986,"height":1074,"caption":"Escolaj"},"image":{"@id":"https:\/\/escolaj.com\/#\/schema\/logo\/image\/"}},{"@type":"Person","@id":"https:\/\/escolaj.com\/#\/schema\/person\/2cde39bc3e4644bd3c1bc46d69a1b052","name":"admin","image":{"@type":"ImageObject","inLanguage":"es","@id":"https:\/\/escolaj.com\/#\/schema\/person\/image\/","url":"https:\/\/secure.gravatar.com\/avatar\/508450c2bab24121198a6d7f9e0d2af23d4009e872cfa7d3f272371e28ca7f8f?s=96&d=mm&r=g","contentUrl":"https:\/\/secure.gravatar.com\/avatar\/508450c2bab24121198a6d7f9e0d2af23d4009e872cfa7d3f272371e28ca7f8f?s=96&d=mm&r=g","caption":"admin"},"sameAs":["https:\/\/escolaj.com"],"url":"https:\/\/escolaj.com\/index.php\/author\/escolaj-jesabogado1234\/"}]}},"_links":{"self":[{"href":"https:\/\/escolaj.com\/index.php\/wp-json\/wp\/v2\/posts\/243","targetHints":{"allow":["GET"]}}],"collection":[{"href":"https:\/\/escolaj.com\/index.php\/wp-json\/wp\/v2\/posts"}],"about":[{"href":"https:\/\/escolaj.com\/index.php\/wp-json\/wp\/v2\/types\/post"}],"author":[{"embeddable":true,"href":"https:\/\/escolaj.com\/index.php\/wp-json\/wp\/v2\/users\/1"}],"replies":[{"embeddable":true,"href":"https:\/\/escolaj.com\/index.php\/wp-json\/wp\/v2\/comments?post=243"}],"version-history":[{"count":1,"href":"https:\/\/escolaj.com\/index.php\/wp-json\/wp\/v2\/posts\/243\/revisions"}],"predecessor-version":[{"id":464,"href":"https:\/\/escolaj.com\/index.php\/wp-json\/wp\/v2\/posts\/243\/revisions\/464"}],"wp:featuredmedia":[{"embeddable":true,"href":"https:\/\/escolaj.com\/index.php\/wp-json\/wp\/v2\/media\/261"}],"wp:attachment":[{"href":"https:\/\/escolaj.com\/index.php\/wp-json\/wp\/v2\/media?parent=243"}],"wp:term":[{"taxonomy":"category","embeddable":true,"href":"https:\/\/escolaj.com\/index.php\/wp-json\/wp\/v2\/categories?post=243"},{"taxonomy":"post_tag","embeddable":true,"href":"https:\/\/escolaj.com\/index.php\/wp-json\/wp\/v2\/tags?post=243"}],"curies":[{"name":"wp","href":"https:\/\/api.w.org\/{rel}","templated":true}]}}