{"id":285,"date":"2016-11-16T08:10:29","date_gmt":"2016-11-16T08:10:29","guid":{"rendered":"https:\/\/raratheme.com\/preview\/education-zone\/?p=285"},"modified":"2025-10-05T11:31:54","modified_gmt":"2025-10-05T11:31:54","slug":"desarrollo-intelectual-ejercicio","status":"publish","type":"post","link":"https:\/\/escolaj.com\/index.php\/2016\/11\/16\/desarrollo-intelectual-ejercicio\/","title":{"rendered":"Desarrollo intelectual en el ejercicio jur\u00eddico"},"content":{"rendered":"<p>El <strong data-start=\"486\" data-end=\"512\">desarrollo intelectual<\/strong> es una parte esencial del crecimiento profesional en el \u00e1mbito del Derecho.<br data-start=\"588\" data-end=\"591\" \/>M\u00e1s all\u00e1 del conocimiento t\u00e9cnico, la pr\u00e1ctica jur\u00eddica exige una <strong data-start=\"657\" data-end=\"732\">capacidad constante de an\u00e1lisis, razonamiento cr\u00edtico y reflexi\u00f3n \u00e9tica<\/strong>.<br data-start=\"733\" data-end=\"736\" \/>Comprender la ley implica tambi\u00e9n interpretar la realidad, anticipar sus efectos y equilibrar justicia y equidad en cada decisi\u00f3n.<\/p>\n<div id='gallery-1' class='gallery galleryid-285 gallery-columns-3 gallery-size-medium'><figure class='gallery-item'>\n\t\t\t<div class='gallery-icon landscape'>\n\t\t\t\t<a href='https:\/\/escolaj.com\/index.php\/2016\/11\/16\/desarrollo-intelectual-ejercicio\/granada-106338_640\/'><img loading=\"lazy\" decoding=\"async\" width=\"300\" height=\"216\" src=\"https:\/\/escolaj.com\/wp-content\/uploads\/2016\/11\/granada-106338_640-300x216.jpg\" class=\"attachment-medium size-medium\" alt=\"\" srcset=\"https:\/\/escolaj.com\/wp-content\/uploads\/2016\/11\/granada-106338_640-300x216.jpg 300w, https:\/\/escolaj.com\/wp-content\/uploads\/2016\/11\/granada-106338_640.jpg 640w\" sizes=\"auto, (max-width: 300px) 100vw, 300px\" \/><\/a>\n\t\t\t<\/div><\/figure><figure class='gallery-item'>\n\t\t\t<div class='gallery-icon landscape'>\n\t\t\t\t<a href='https:\/\/escolaj.com\/index.php\/2016\/11\/16\/desarrollo-intelectual-ejercicio\/law-6598281_640\/'><img loading=\"lazy\" decoding=\"async\" width=\"300\" height=\"200\" src=\"https:\/\/escolaj.com\/wp-content\/uploads\/2016\/11\/law-6598281_640-300x200.jpg\" class=\"attachment-medium size-medium\" alt=\"\" srcset=\"https:\/\/escolaj.com\/wp-content\/uploads\/2016\/11\/law-6598281_640-300x200.jpg 300w, https:\/\/escolaj.com\/wp-content\/uploads\/2016\/11\/law-6598281_640.jpg 640w\" sizes=\"auto, (max-width: 300px) 100vw, 300px\" \/><\/a>\n\t\t\t<\/div><\/figure><figure class='gallery-item'>\n\t\t\t<div class='gallery-icon landscape'>\n\t\t\t\t<a href='https:\/\/escolaj.com\/index.php\/2016\/11\/16\/desarrollo-intelectual-ejercicio\/spain-711830_640\/'><img loading=\"lazy\" decoding=\"async\" width=\"300\" height=\"225\" src=\"https:\/\/escolaj.com\/wp-content\/uploads\/2016\/11\/spain-711830_640-300x225.jpg\" class=\"attachment-medium size-medium\" alt=\"\" srcset=\"https:\/\/escolaj.com\/wp-content\/uploads\/2016\/11\/spain-711830_640-300x225.jpg 300w, https:\/\/escolaj.com\/wp-content\/uploads\/2016\/11\/spain-711830_640.jpg 640w\" sizes=\"auto, (max-width: 300px) 100vw, 300px\" \/><\/a>\n\t\t\t<\/div><\/figure>\n\t\t<\/div>\n\n<p data-start=\"870\" data-end=\"1240\">En <strong data-start=\"873\" data-end=\"884\">Escolaj<\/strong>, entendemos el pensamiento jur\u00eddico como un proceso en evoluci\u00f3n.<br data-start=\"950\" data-end=\"953\" \/>La lectura, el debate y el estudio comparado son herramientas que fortalecen la <strong data-start=\"1033\" data-end=\"1068\">madurez intelectual del jurista<\/strong> y ampl\u00edan su comprensi\u00f3n del sistema legal.<br data-start=\"1112\" data-end=\"1115\" \/>Cada modelo o material compartido busca no solo ense\u00f1ar, sino tambi\u00e9n <strong data-start=\"1185\" data-end=\"1237\">estimular la reflexi\u00f3n y el juicio independiente<\/strong>.<\/p>\n<p data-start=\"1242\" data-end=\"1643\">El conocimiento no se acumula: se construye, se contrasta y se comparte.<br data-start=\"1314\" data-end=\"1317\" \/>Por eso, el verdadero desarrollo intelectual surge de la interacci\u00f3n entre la teor\u00eda y la experiencia, entre el estudio y la pr\u00e1ctica cotidiana.<br data-start=\"1461\" data-end=\"1464\" \/>Esa es la base sobre la que <strong data-start=\"1492\" data-end=\"1503\">Escolaj<\/strong> quiere contribuir: ofrecer un entorno donde el aprendizaje se transforme en criterio, y la informaci\u00f3n, en sabidur\u00eda aplicada al Derecho.<\/p>\n","protected":false},"excerpt":{"rendered":"<p>We give special attention to your intellectual development. We  have special classes just to make you smarter<\/p>\n","protected":false},"author":1,"featured_media":246,"comment_status":"closed","ping_status":"open","sticky":false,"template":"","format":"standard","meta":{"footnotes":""},"categories":[1],"tags":[],"class_list":["post-285","post","type-post","status-publish","format-standard","has-post-thumbnail","hentry","category-uncategorized"],"yoast_head":"<!-- This site is optimized with the Yoast SEO plugin v26.0 - https:\/\/yoast.com\/wordpress\/plugins\/seo\/ -->\n<title>Desarrollo intelectual en el ejercicio jur\u00eddico - Escolaj<\/title>\n<meta name=\"robots\" content=\"index, follow, max-snippet:-1, max-image-preview:large, max-video-preview:-1\" \/>\n<link rel=\"canonical\" href=\"https:\/\/escolaj.com\/index.php\/2016\/11\/16\/desarrollo-intelectual-ejercicio\/\" \/>\n<meta property=\"og:locale\" content=\"es_ES\" \/>\n<meta property=\"og:type\" content=\"article\" \/>\n<meta property=\"og:title\" content=\"Desarrollo intelectual en el ejercicio jur\u00eddico - Escolaj\" \/>\n<meta property=\"og:description\" content=\"We give special attention to your intellectual development. We have special classes just to make you smarter\" \/>\n<meta property=\"og:url\" content=\"https:\/\/escolaj.com\/index.php\/2016\/11\/16\/desarrollo-intelectual-ejercicio\/\" \/>\n<meta property=\"og:site_name\" content=\"Escolaj\" \/>\n<meta property=\"article:published_time\" content=\"2016-11-16T08:10:29+00:00\" \/>\n<meta property=\"article:modified_time\" content=\"2025-10-05T11:31:54+00:00\" \/>\n<meta property=\"og:image\" content=\"https:\/\/escolaj.com\/wp-content\/uploads\/2016\/11\/choose-us-icon1.png\" \/>\n\t<meta property=\"og:image:width\" content=\"42\" \/>\n\t<meta property=\"og:image:height\" content=\"53\" \/>\n\t<meta property=\"og:image:type\" content=\"image\/png\" \/>\n<meta name=\"author\" content=\"admin\" \/>\n<meta name=\"twitter:card\" content=\"summary_large_image\" \/>\n<meta name=\"twitter:label1\" content=\"Escrito por\" \/>\n\t<meta name=\"twitter:data1\" content=\"admin\" \/>\n\t<meta name=\"twitter:label2\" content=\"Tiempo de lectura\" \/>\n\t<meta name=\"twitter:data2\" content=\"1 minuto\" \/>\n<script type=\"application\/ld+json\" class=\"yoast-schema-graph\">{\"@context\":\"https:\/\/schema.org\",\"@graph\":[{\"@type\":\"Article\",\"@id\":\"https:\/\/escolaj.com\/index.php\/2016\/11\/16\/desarrollo-intelectual-ejercicio\/#article\",\"isPartOf\":{\"@id\":\"https:\/\/escolaj.com\/index.php\/2016\/11\/16\/desarrollo-intelectual-ejercicio\/\"},\"author\":{\"name\":\"admin\",\"@id\":\"https:\/\/escolaj.com\/#\/schema\/person\/2cde39bc3e4644bd3c1bc46d69a1b052\"},\"headline\":\"Desarrollo intelectual en el ejercicio jur\u00eddico\",\"datePublished\":\"2016-11-16T08:10:29+00:00\",\"dateModified\":\"2025-10-05T11:31:54+00:00\",\"mainEntityOfPage\":{\"@id\":\"https:\/\/escolaj.com\/index.php\/2016\/11\/16\/desarrollo-intelectual-ejercicio\/\"},\"wordCount\":203,\"publisher\":{\"@id\":\"https:\/\/escolaj.com\/#organization\"},\"image\":{\"@id\":\"https:\/\/escolaj.com\/index.php\/2016\/11\/16\/desarrollo-intelectual-ejercicio\/#primaryimage\"},\"thumbnailUrl\":\"https:\/\/escolaj.com\/wp-content\/uploads\/2016\/11\/choose-us-icon1.png\",\"articleSection\":[\"Uncategorized\"],\"inLanguage\":\"es\"},{\"@type\":\"WebPage\",\"@id\":\"https:\/\/escolaj.com\/index.php\/2016\/11\/16\/desarrollo-intelectual-ejercicio\/\",\"url\":\"https:\/\/escolaj.com\/index.php\/2016\/11\/16\/desarrollo-intelectual-ejercicio\/\",\"name\":\"Desarrollo intelectual en el ejercicio jur\u00eddico - Escolaj\",\"isPartOf\":{\"@id\":\"https:\/\/escolaj.com\/#website\"},\"primaryImageOfPage\":{\"@id\":\"https:\/\/escolaj.com\/index.php\/2016\/11\/16\/desarrollo-intelectual-ejercicio\/#primaryimage\"},\"image\":{\"@id\":\"https:\/\/escolaj.com\/index.php\/2016\/11\/16\/desarrollo-intelectual-ejercicio\/#primaryimage\"},\"thumbnailUrl\":\"https:\/\/escolaj.com\/wp-content\/uploads\/2016\/11\/choose-us-icon1.png\",\"datePublished\":\"2016-11-16T08:10:29+00:00\",\"dateModified\":\"2025-10-05T11:31:54+00:00\",\"breadcrumb\":{\"@id\":\"https:\/\/escolaj.com\/index.php\/2016\/11\/16\/desarrollo-intelectual-ejercicio\/#breadcrumb\"},\"inLanguage\":\"es\",\"potentialAction\":[{\"@type\":\"ReadAction\",\"target\":[\"https:\/\/escolaj.com\/index.php\/2016\/11\/16\/desarrollo-intelectual-ejercicio\/\"]}]},{\"@type\":\"ImageObject\",\"inLanguage\":\"es\",\"@id\":\"https:\/\/escolaj.com\/index.php\/2016\/11\/16\/desarrollo-intelectual-ejercicio\/#primaryimage\",\"url\":\"https:\/\/escolaj.com\/wp-content\/uploads\/2016\/11\/choose-us-icon1.png\",\"contentUrl\":\"https:\/\/escolaj.com\/wp-content\/uploads\/2016\/11\/choose-us-icon1.png\",\"width\":42,\"height\":53},{\"@type\":\"BreadcrumbList\",\"@id\":\"https:\/\/escolaj.com\/index.php\/2016\/11\/16\/desarrollo-intelectual-ejercicio\/#breadcrumb\",\"itemListElement\":[{\"@type\":\"ListItem\",\"position\":1,\"name\":\"Portada\",\"item\":\"https:\/\/escolaj.com\/\"},{\"@type\":\"ListItem\",\"position\":2,\"name\":\"Desarrollo intelectual en el ejercicio jur\u00eddico\"}]},{\"@type\":\"WebSite\",\"@id\":\"https:\/\/escolaj.com\/#website\",\"url\":\"https:\/\/escolaj.com\/\",\"name\":\"Escolaj\",\"description\":\"\",\"publisher\":{\"@id\":\"https:\/\/escolaj.com\/#organization\"},\"potentialAction\":[{\"@type\":\"SearchAction\",\"target\":{\"@type\":\"EntryPoint\",\"urlTemplate\":\"https:\/\/escolaj.com\/?s={search_term_string}\"},\"query-input\":{\"@type\":\"PropertyValueSpecification\",\"valueRequired\":true,\"valueName\":\"search_term_string\"}}],\"inLanguage\":\"es\"},{\"@type\":\"Organization\",\"@id\":\"https:\/\/escolaj.com\/#organization\",\"name\":\"Escolaj\",\"url\":\"https:\/\/escolaj.com\/\",\"logo\":{\"@type\":\"ImageObject\",\"inLanguage\":\"es\",\"@id\":\"https:\/\/escolaj.com\/#\/schema\/logo\/image\/\",\"url\":\"https:\/\/escolaj.com\/wp-content\/uploads\/2025\/10\/escolaj-photo_2025-10-05_10-59-00.jpg\",\"contentUrl\":\"https:\/\/escolaj.com\/wp-content\/uploads\/2025\/10\/escolaj-photo_2025-10-05_10-59-00.jpg\",\"width\":986,\"height\":1074,\"caption\":\"Escolaj\"},\"image\":{\"@id\":\"https:\/\/escolaj.com\/#\/schema\/logo\/image\/\"}},{\"@type\":\"Person\",\"@id\":\"https:\/\/escolaj.com\/#\/schema\/person\/2cde39bc3e4644bd3c1bc46d69a1b052\",\"name\":\"admin\",\"image\":{\"@type\":\"ImageObject\",\"inLanguage\":\"es\",\"@id\":\"https:\/\/escolaj.com\/#\/schema\/person\/image\/\",\"url\":\"https:\/\/secure.gravatar.com\/avatar\/508450c2bab24121198a6d7f9e0d2af23d4009e872cfa7d3f272371e28ca7f8f?s=96&d=mm&r=g\",\"contentUrl\":\"https:\/\/secure.gravatar.com\/avatar\/508450c2bab24121198a6d7f9e0d2af23d4009e872cfa7d3f272371e28ca7f8f?s=96&d=mm&r=g\",\"caption\":\"admin\"},\"sameAs\":[\"https:\/\/escolaj.com\"],\"url\":\"https:\/\/escolaj.com\/index.php\/author\/escolaj-jesabogado1234\/\"}]}<\/script>\n<!-- \/ Yoast SEO plugin. -->","yoast_head_json":{"title":"Desarrollo intelectual en el ejercicio jur\u00eddico - Escolaj","robots":{"index":"index","follow":"follow","max-snippet":"max-snippet:-1","max-image-preview":"max-image-preview:large","max-video-preview":"max-video-preview:-1"},"canonical":"https:\/\/escolaj.com\/index.php\/2016\/11\/16\/desarrollo-intelectual-ejercicio\/","og_locale":"es_ES","og_type":"article","og_title":"Desarrollo intelectual en el ejercicio jur\u00eddico - Escolaj","og_description":"We give special attention to your intellectual development. We have special classes just to make you smarter","og_url":"https:\/\/escolaj.com\/index.php\/2016\/11\/16\/desarrollo-intelectual-ejercicio\/","og_site_name":"Escolaj","article_published_time":"2016-11-16T08:10:29+00:00","article_modified_time":"2025-10-05T11:31:54+00:00","og_image":[{"width":42,"height":53,"url":"https:\/\/escolaj.com\/wp-content\/uploads\/2016\/11\/choose-us-icon1.png","type":"image\/png"}],"author":"admin","twitter_card":"summary_large_image","twitter_misc":{"Escrito por":"admin","Tiempo de lectura":"1 minuto"},"schema":{"@context":"https:\/\/schema.org","@graph":[{"@type":"Article","@id":"https:\/\/escolaj.com\/index.php\/2016\/11\/16\/desarrollo-intelectual-ejercicio\/#article","isPartOf":{"@id":"https:\/\/escolaj.com\/index.php\/2016\/11\/16\/desarrollo-intelectual-ejercicio\/"},"author":{"name":"admin","@id":"https:\/\/escolaj.com\/#\/schema\/person\/2cde39bc3e4644bd3c1bc46d69a1b052"},"headline":"Desarrollo intelectual en el ejercicio jur\u00eddico","datePublished":"2016-11-16T08:10:29+00:00","dateModified":"2025-10-05T11:31:54+00:00","mainEntityOfPage":{"@id":"https:\/\/escolaj.com\/index.php\/2016\/11\/16\/desarrollo-intelectual-ejercicio\/"},"wordCount":203,"publisher":{"@id":"https:\/\/escolaj.com\/#organization"},"image":{"@id":"https:\/\/escolaj.com\/index.php\/2016\/11\/16\/desarrollo-intelectual-ejercicio\/#primaryimage"},"thumbnailUrl":"https:\/\/escolaj.com\/wp-content\/uploads\/2016\/11\/choose-us-icon1.png","articleSection":["Uncategorized"],"inLanguage":"es"},{"@type":"WebPage","@id":"https:\/\/escolaj.com\/index.php\/2016\/11\/16\/desarrollo-intelectual-ejercicio\/","url":"https:\/\/escolaj.com\/index.php\/2016\/11\/16\/desarrollo-intelectual-ejercicio\/","name":"Desarrollo intelectual en el ejercicio jur\u00eddico - Escolaj","isPartOf":{"@id":"https:\/\/escolaj.com\/#website"},"primaryImageOfPage":{"@id":"https:\/\/escolaj.com\/index.php\/2016\/11\/16\/desarrollo-intelectual-ejercicio\/#primaryimage"},"image":{"@id":"https:\/\/escolaj.com\/index.php\/2016\/11\/16\/desarrollo-intelectual-ejercicio\/#primaryimage"},"thumbnailUrl":"https:\/\/escolaj.com\/wp-content\/uploads\/2016\/11\/choose-us-icon1.png","datePublished":"2016-11-16T08:10:29+00:00","dateModified":"2025-10-05T11:31:54+00:00","breadcrumb":{"@id":"https:\/\/escolaj.com\/index.php\/2016\/11\/16\/desarrollo-intelectual-ejercicio\/#breadcrumb"},"inLanguage":"es","potentialAction":[{"@type":"ReadAction","target":["https:\/\/escolaj.com\/index.php\/2016\/11\/16\/desarrollo-intelectual-ejercicio\/"]}]},{"@type":"ImageObject","inLanguage":"es","@id":"https:\/\/escolaj.com\/index.php\/2016\/11\/16\/desarrollo-intelectual-ejercicio\/#primaryimage","url":"https:\/\/escolaj.com\/wp-content\/uploads\/2016\/11\/choose-us-icon1.png","contentUrl":"https:\/\/escolaj.com\/wp-content\/uploads\/2016\/11\/choose-us-icon1.png","width":42,"height":53},{"@type":"BreadcrumbList","@id":"https:\/\/escolaj.com\/index.php\/2016\/11\/16\/desarrollo-intelectual-ejercicio\/#breadcrumb","itemListElement":[{"@type":"ListItem","position":1,"name":"Portada","item":"https:\/\/escolaj.com\/"},{"@type":"ListItem","position":2,"name":"Desarrollo intelectual en el ejercicio jur\u00eddico"}]},{"@type":"WebSite","@id":"https:\/\/escolaj.com\/#website","url":"https:\/\/escolaj.com\/","name":"Escolaj","description":"","publisher":{"@id":"https:\/\/escolaj.com\/#organization"},"potentialAction":[{"@type":"SearchAction","target":{"@type":"EntryPoint","urlTemplate":"https:\/\/escolaj.com\/?s={search_term_string}"},"query-input":{"@type":"PropertyValueSpecification","valueRequired":true,"valueName":"search_term_string"}}],"inLanguage":"es"},{"@type":"Organization","@id":"https:\/\/escolaj.com\/#organization","name":"Escolaj","url":"https:\/\/escolaj.com\/","logo":{"@type":"ImageObject","inLanguage":"es","@id":"https:\/\/escolaj.com\/#\/schema\/logo\/image\/","url":"https:\/\/escolaj.com\/wp-content\/uploads\/2025\/10\/escolaj-photo_2025-10-05_10-59-00.jpg","contentUrl":"https:\/\/escolaj.com\/wp-content\/uploads\/2025\/10\/escolaj-photo_2025-10-05_10-59-00.jpg","width":986,"height":1074,"caption":"Escolaj"},"image":{"@id":"https:\/\/escolaj.com\/#\/schema\/logo\/image\/"}},{"@type":"Person","@id":"https:\/\/escolaj.com\/#\/schema\/person\/2cde39bc3e4644bd3c1bc46d69a1b052","name":"admin","image":{"@type":"ImageObject","inLanguage":"es","@id":"https:\/\/escolaj.com\/#\/schema\/person\/image\/","url":"https:\/\/secure.gravatar.com\/avatar\/508450c2bab24121198a6d7f9e0d2af23d4009e872cfa7d3f272371e28ca7f8f?s=96&d=mm&r=g","contentUrl":"https:\/\/secure.gravatar.com\/avatar\/508450c2bab24121198a6d7f9e0d2af23d4009e872cfa7d3f272371e28ca7f8f?s=96&d=mm&r=g","caption":"admin"},"sameAs":["https:\/\/escolaj.com"],"url":"https:\/\/escolaj.com\/index.php\/author\/escolaj-jesabogado1234\/"}]}},"_links":{"self":[{"href":"https:\/\/escolaj.com\/index.php\/wp-json\/wp\/v2\/posts\/285","targetHints":{"allow":["GET"]}}],"collection":[{"href":"https:\/\/escolaj.com\/index.php\/wp-json\/wp\/v2\/posts"}],"about":[{"href":"https:\/\/escolaj.com\/index.php\/wp-json\/wp\/v2\/types\/post"}],"author":[{"embeddable":true,"href":"https:\/\/escolaj.com\/index.php\/wp-json\/wp\/v2\/users\/1"}],"replies":[{"embeddable":true,"href":"https:\/\/escolaj.com\/index.php\/wp-json\/wp\/v2\/comments?post=285"}],"version-history":[{"count":2,"href":"https:\/\/escolaj.com\/index.php\/wp-json\/wp\/v2\/posts\/285\/revisions"}],"predecessor-version":[{"id":455,"href":"https:\/\/escolaj.com\/index.php\/wp-json\/wp\/v2\/posts\/285\/revisions\/455"}],"wp:featuredmedia":[{"embeddable":true,"href":"https:\/\/escolaj.com\/index.php\/wp-json\/wp\/v2\/media\/246"}],"wp:attachment":[{"href":"https:\/\/escolaj.com\/index.php\/wp-json\/wp\/v2\/media?parent=285"}],"wp:term":[{"taxonomy":"category","embeddable":true,"href":"https:\/\/escolaj.com\/index.php\/wp-json\/wp\/v2\/categories?post=285"},{"taxonomy":"post_tag","embeddable":true,"href":"https:\/\/escolaj.com\/index.php\/wp-json\/wp\/v2\/tags?post=285"}],"curies":[{"name":"wp","href":"https:\/\/api.w.org\/{rel}","templated":true}]}}