{"id":287,"date":"2016-11-16T08:12:55","date_gmt":"2016-11-16T08:12:55","guid":{"rendered":"https:\/\/raratheme.com\/preview\/education-zone\/?p=287"},"modified":"2025-10-05T11:26:54","modified_gmt":"2025-10-05T11:26:54","slug":"generacion-ideas","status":"publish","type":"post","link":"https:\/\/escolaj.com\/index.php\/2016\/11\/16\/generacion-ideas\/","title":{"rendered":"Generaci\u00f3n de ideas en el \u00e1mbito jur\u00eddico"},"content":{"rendered":"<p>El Derecho no es una disciplina est\u00e1tica, sino un sistema en constante evoluci\u00f3n.<br data-start=\"598\" data-end=\"601\" \/>Cada cambio social, tecnol\u00f3gico o institucional plantea <strong data-start=\"657\" data-end=\"686\">nuevos desaf\u00edos jur\u00eddicos<\/strong> que requieren <strong data-start=\"701\" data-end=\"722\">ideas innovadoras<\/strong> y una mirada cr\u00edtica capaz de adaptar las normas a las necesidades de la sociedad actual.<\/p>\n<div id='gallery-1' class='gallery galleryid-287 gallery-columns-3 gallery-size-medium'><figure class='gallery-item'>\n\t\t\t<div class='gallery-icon landscape'>\n\t\t\t\t<a href='https:\/\/escolaj.com\/index.php\/2016\/11\/16\/generacion-ideas\/attorney-9007265_640\/'><img loading=\"lazy\" decoding=\"async\" width=\"300\" height=\"300\" src=\"https:\/\/escolaj.com\/wp-content\/uploads\/2016\/11\/attorney-9007265_640-300x300.png\" class=\"attachment-medium size-medium\" alt=\"\" srcset=\"https:\/\/escolaj.com\/wp-content\/uploads\/2016\/11\/attorney-9007265_640-300x300.png 300w, https:\/\/escolaj.com\/wp-content\/uploads\/2016\/11\/attorney-9007265_640-150x150.png 150w, https:\/\/escolaj.com\/wp-content\/uploads\/2016\/11\/attorney-9007265_640-70x70.png 70w, https:\/\/escolaj.com\/wp-content\/uploads\/2016\/11\/attorney-9007265_640-246x246.png 246w, https:\/\/escolaj.com\/wp-content\/uploads\/2016\/11\/attorney-9007265_640-276x276.png 276w, https:\/\/escolaj.com\/wp-content\/uploads\/2016\/11\/attorney-9007265_640-125x125.png 125w, https:\/\/escolaj.com\/wp-content\/uploads\/2016\/11\/attorney-9007265_640.png 640w\" sizes=\"auto, (max-width: 300px) 100vw, 300px\" \/><\/a>\n\t\t\t<\/div><\/figure><figure class='gallery-item'>\n\t\t\t<div class='gallery-icon landscape'>\n\t\t\t\t<a href='https:\/\/escolaj.com\/index.php\/2016\/11\/16\/generacion-ideas\/hammer-802298_640\/'><img loading=\"lazy\" decoding=\"async\" width=\"300\" height=\"225\" src=\"https:\/\/escolaj.com\/wp-content\/uploads\/2016\/11\/hammer-802298_640-300x225.jpg\" class=\"attachment-medium size-medium\" alt=\"\" srcset=\"https:\/\/escolaj.com\/wp-content\/uploads\/2016\/11\/hammer-802298_640-300x225.jpg 300w, https:\/\/escolaj.com\/wp-content\/uploads\/2016\/11\/hammer-802298_640.jpg 640w\" sizes=\"auto, (max-width: 300px) 100vw, 300px\" \/><\/a>\n\t\t\t<\/div><\/figure><figure class='gallery-item'>\n\t\t\t<div class='gallery-icon landscape'>\n\t\t\t\t<a href='https:\/\/escolaj.com\/index.php\/2016\/11\/16\/generacion-ideas\/legal-5293006_640\/'><img loading=\"lazy\" decoding=\"async\" width=\"300\" height=\"200\" src=\"https:\/\/escolaj.com\/wp-content\/uploads\/2016\/11\/legal-5293006_640-300x200.jpg\" class=\"attachment-medium size-medium\" alt=\"\" srcset=\"https:\/\/escolaj.com\/wp-content\/uploads\/2016\/11\/legal-5293006_640-300x200.jpg 300w, https:\/\/escolaj.com\/wp-content\/uploads\/2016\/11\/legal-5293006_640.jpg 640w\" sizes=\"auto, (max-width: 300px) 100vw, 300px\" \/><\/a>\n\t\t\t<\/div><\/figure>\n\t\t<\/div>\n\n<p data-start=\"816\" data-end=\"1222\">En <strong data-start=\"819\" data-end=\"830\">Escolaj<\/strong>, creemos que la mejora de la justicia tambi\u00e9n pasa por la <strong data-start=\"889\" data-end=\"912\">generaci\u00f3n de ideas<\/strong>: por la capacidad de repensar procesos, de simplificar tr\u00e1mites, de proponer soluciones pr\u00e1cticas y de fomentar la colaboraci\u00f3n entre los distintos operadores jur\u00eddicos.<br data-start=\"1082\" data-end=\"1085\" \/>Las buenas ideas se convierten en herramientas que transforman la pr\u00e1ctica profesional y fortalecen el servicio p\u00fablico de la justicia.\u00a0Nuestro compromiso es ofrecer un espacio en el que las <strong data-start=\"1279\" data-end=\"1327\">reflexiones, an\u00e1lisis y propuestas jur\u00eddicas<\/strong> puedan compartirse, debatirse y aplicarse de forma \u00fatil. Cada art\u00edculo, modelo o material publicado en <strong data-start=\"1433\" data-end=\"1444\">Escolaj<\/strong> aspira a inspirar nuevas formas de entender y ejercer el Derecho, desde la responsabilidad, la \u00e9tica y el conocimiento pr\u00e1ctico.<\/p>\n<p data-start=\"1577\" data-end=\"1745\"><strong data-start=\"1577\" data-end=\"1615\">Innovar tambi\u00e9n es hacer justicia.<\/strong><br data-start=\"1615\" data-end=\"1618\" \/>Y en <strong data-start=\"1623\" data-end=\"1634\">Escolaj<\/strong>, queremos contribuir a que las ideas se conviertan en realidades jur\u00eddicas m\u00e1s eficaces, humanas y modernas.<\/p>\n","protected":false},"excerpt":{"rendered":"<p>We believe that ideas can change life that is why  our curriculum is developed to encourage new ideas.<\/p>\n","protected":false},"author":1,"featured_media":249,"comment_status":"closed","ping_status":"open","sticky":false,"template":"","format":"standard","meta":{"footnotes":""},"categories":[1],"tags":[],"class_list":["post-287","post","type-post","status-publish","format-standard","has-post-thumbnail","hentry","category-uncategorized"],"yoast_head":"<!-- This site is optimized with the Yoast SEO plugin v26.0 - https:\/\/yoast.com\/wordpress\/plugins\/seo\/ -->\n<title>Generaci\u00f3n de ideas en el \u00e1mbito jur\u00eddico - Escolaj<\/title>\n<meta name=\"robots\" content=\"index, follow, max-snippet:-1, max-image-preview:large, max-video-preview:-1\" \/>\n<link rel=\"canonical\" href=\"https:\/\/escolaj.com\/index.php\/2016\/11\/16\/generacion-ideas\/\" \/>\n<meta property=\"og:locale\" content=\"es_ES\" \/>\n<meta property=\"og:type\" content=\"article\" \/>\n<meta property=\"og:title\" content=\"Generaci\u00f3n de ideas en el \u00e1mbito jur\u00eddico - Escolaj\" \/>\n<meta property=\"og:description\" content=\"We believe that ideas can change life that is why our curriculum is developed to encourage new ideas.\" \/>\n<meta property=\"og:url\" content=\"https:\/\/escolaj.com\/index.php\/2016\/11\/16\/generacion-ideas\/\" \/>\n<meta property=\"og:site_name\" content=\"Escolaj\" \/>\n<meta property=\"article:published_time\" content=\"2016-11-16T08:12:55+00:00\" \/>\n<meta property=\"article:modified_time\" content=\"2025-10-05T11:26:54+00:00\" \/>\n<meta property=\"og:image\" content=\"https:\/\/escolaj.com\/wp-content\/uploads\/2016\/11\/choose-us-icon2.png\" \/>\n\t<meta property=\"og:image:width\" content=\"52\" \/>\n\t<meta property=\"og:image:height\" content=\"56\" \/>\n\t<meta property=\"og:image:type\" content=\"image\/png\" \/>\n<meta name=\"author\" content=\"admin\" \/>\n<meta name=\"twitter:card\" content=\"summary_large_image\" \/>\n<meta name=\"twitter:label1\" content=\"Escrito por\" \/>\n\t<meta name=\"twitter:data1\" content=\"admin\" \/>\n\t<meta name=\"twitter:label2\" content=\"Tiempo de lectura\" \/>\n\t<meta name=\"twitter:data2\" content=\"2 minutos\" \/>\n<script type=\"application\/ld+json\" class=\"yoast-schema-graph\">{\"@context\":\"https:\/\/schema.org\",\"@graph\":[{\"@type\":\"Article\",\"@id\":\"https:\/\/escolaj.com\/index.php\/2016\/11\/16\/generacion-ideas\/#article\",\"isPartOf\":{\"@id\":\"https:\/\/escolaj.com\/index.php\/2016\/11\/16\/generacion-ideas\/\"},\"author\":{\"name\":\"admin\",\"@id\":\"https:\/\/escolaj.com\/#\/schema\/person\/2cde39bc3e4644bd3c1bc46d69a1b052\"},\"headline\":\"Generaci\u00f3n de ideas en el \u00e1mbito jur\u00eddico\",\"datePublished\":\"2016-11-16T08:12:55+00:00\",\"dateModified\":\"2025-10-05T11:26:54+00:00\",\"mainEntityOfPage\":{\"@id\":\"https:\/\/escolaj.com\/index.php\/2016\/11\/16\/generacion-ideas\/\"},\"wordCount\":213,\"publisher\":{\"@id\":\"https:\/\/escolaj.com\/#organization\"},\"image\":{\"@id\":\"https:\/\/escolaj.com\/index.php\/2016\/11\/16\/generacion-ideas\/#primaryimage\"},\"thumbnailUrl\":\"https:\/\/escolaj.com\/wp-content\/uploads\/2016\/11\/choose-us-icon2.png\",\"articleSection\":[\"Uncategorized\"],\"inLanguage\":\"es\"},{\"@type\":\"WebPage\",\"@id\":\"https:\/\/escolaj.com\/index.php\/2016\/11\/16\/generacion-ideas\/\",\"url\":\"https:\/\/escolaj.com\/index.php\/2016\/11\/16\/generacion-ideas\/\",\"name\":\"Generaci\u00f3n de ideas en el \u00e1mbito jur\u00eddico - Escolaj\",\"isPartOf\":{\"@id\":\"https:\/\/escolaj.com\/#website\"},\"primaryImageOfPage\":{\"@id\":\"https:\/\/escolaj.com\/index.php\/2016\/11\/16\/generacion-ideas\/#primaryimage\"},\"image\":{\"@id\":\"https:\/\/escolaj.com\/index.php\/2016\/11\/16\/generacion-ideas\/#primaryimage\"},\"thumbnailUrl\":\"https:\/\/escolaj.com\/wp-content\/uploads\/2016\/11\/choose-us-icon2.png\",\"datePublished\":\"2016-11-16T08:12:55+00:00\",\"dateModified\":\"2025-10-05T11:26:54+00:00\",\"breadcrumb\":{\"@id\":\"https:\/\/escolaj.com\/index.php\/2016\/11\/16\/generacion-ideas\/#breadcrumb\"},\"inLanguage\":\"es\",\"potentialAction\":[{\"@type\":\"ReadAction\",\"target\":[\"https:\/\/escolaj.com\/index.php\/2016\/11\/16\/generacion-ideas\/\"]}]},{\"@type\":\"ImageObject\",\"inLanguage\":\"es\",\"@id\":\"https:\/\/escolaj.com\/index.php\/2016\/11\/16\/generacion-ideas\/#primaryimage\",\"url\":\"https:\/\/escolaj.com\/wp-content\/uploads\/2016\/11\/choose-us-icon2.png\",\"contentUrl\":\"https:\/\/escolaj.com\/wp-content\/uploads\/2016\/11\/choose-us-icon2.png\",\"width\":52,\"height\":56},{\"@type\":\"BreadcrumbList\",\"@id\":\"https:\/\/escolaj.com\/index.php\/2016\/11\/16\/generacion-ideas\/#breadcrumb\",\"itemListElement\":[{\"@type\":\"ListItem\",\"position\":1,\"name\":\"Portada\",\"item\":\"https:\/\/escolaj.com\/\"},{\"@type\":\"ListItem\",\"position\":2,\"name\":\"Generaci\u00f3n de ideas en el \u00e1mbito jur\u00eddico\"}]},{\"@type\":\"WebSite\",\"@id\":\"https:\/\/escolaj.com\/#website\",\"url\":\"https:\/\/escolaj.com\/\",\"name\":\"Escolaj\",\"description\":\"\",\"publisher\":{\"@id\":\"https:\/\/escolaj.com\/#organization\"},\"potentialAction\":[{\"@type\":\"SearchAction\",\"target\":{\"@type\":\"EntryPoint\",\"urlTemplate\":\"https:\/\/escolaj.com\/?s={search_term_string}\"},\"query-input\":{\"@type\":\"PropertyValueSpecification\",\"valueRequired\":true,\"valueName\":\"search_term_string\"}}],\"inLanguage\":\"es\"},{\"@type\":\"Organization\",\"@id\":\"https:\/\/escolaj.com\/#organization\",\"name\":\"Escolaj\",\"url\":\"https:\/\/escolaj.com\/\",\"logo\":{\"@type\":\"ImageObject\",\"inLanguage\":\"es\",\"@id\":\"https:\/\/escolaj.com\/#\/schema\/logo\/image\/\",\"url\":\"https:\/\/escolaj.com\/wp-content\/uploads\/2025\/10\/escolaj-photo_2025-10-05_10-59-00.jpg\",\"contentUrl\":\"https:\/\/escolaj.com\/wp-content\/uploads\/2025\/10\/escolaj-photo_2025-10-05_10-59-00.jpg\",\"width\":986,\"height\":1074,\"caption\":\"Escolaj\"},\"image\":{\"@id\":\"https:\/\/escolaj.com\/#\/schema\/logo\/image\/\"}},{\"@type\":\"Person\",\"@id\":\"https:\/\/escolaj.com\/#\/schema\/person\/2cde39bc3e4644bd3c1bc46d69a1b052\",\"name\":\"admin\",\"image\":{\"@type\":\"ImageObject\",\"inLanguage\":\"es\",\"@id\":\"https:\/\/escolaj.com\/#\/schema\/person\/image\/\",\"url\":\"https:\/\/secure.gravatar.com\/avatar\/508450c2bab24121198a6d7f9e0d2af23d4009e872cfa7d3f272371e28ca7f8f?s=96&d=mm&r=g\",\"contentUrl\":\"https:\/\/secure.gravatar.com\/avatar\/508450c2bab24121198a6d7f9e0d2af23d4009e872cfa7d3f272371e28ca7f8f?s=96&d=mm&r=g\",\"caption\":\"admin\"},\"sameAs\":[\"https:\/\/escolaj.com\"],\"url\":\"https:\/\/escolaj.com\/index.php\/author\/escolaj-jesabogado1234\/\"}]}<\/script>\n<!-- \/ Yoast SEO plugin. -->","yoast_head_json":{"title":"Generaci\u00f3n de ideas en el \u00e1mbito jur\u00eddico - Escolaj","robots":{"index":"index","follow":"follow","max-snippet":"max-snippet:-1","max-image-preview":"max-image-preview:large","max-video-preview":"max-video-preview:-1"},"canonical":"https:\/\/escolaj.com\/index.php\/2016\/11\/16\/generacion-ideas\/","og_locale":"es_ES","og_type":"article","og_title":"Generaci\u00f3n de ideas en el \u00e1mbito jur\u00eddico - Escolaj","og_description":"We believe that ideas can change life that is why our curriculum is developed to encourage new ideas.","og_url":"https:\/\/escolaj.com\/index.php\/2016\/11\/16\/generacion-ideas\/","og_site_name":"Escolaj","article_published_time":"2016-11-16T08:12:55+00:00","article_modified_time":"2025-10-05T11:26:54+00:00","og_image":[{"width":52,"height":56,"url":"https:\/\/escolaj.com\/wp-content\/uploads\/2016\/11\/choose-us-icon2.png","type":"image\/png"}],"author":"admin","twitter_card":"summary_large_image","twitter_misc":{"Escrito por":"admin","Tiempo de lectura":"2 minutos"},"schema":{"@context":"https:\/\/schema.org","@graph":[{"@type":"Article","@id":"https:\/\/escolaj.com\/index.php\/2016\/11\/16\/generacion-ideas\/#article","isPartOf":{"@id":"https:\/\/escolaj.com\/index.php\/2016\/11\/16\/generacion-ideas\/"},"author":{"name":"admin","@id":"https:\/\/escolaj.com\/#\/schema\/person\/2cde39bc3e4644bd3c1bc46d69a1b052"},"headline":"Generaci\u00f3n de ideas en el \u00e1mbito jur\u00eddico","datePublished":"2016-11-16T08:12:55+00:00","dateModified":"2025-10-05T11:26:54+00:00","mainEntityOfPage":{"@id":"https:\/\/escolaj.com\/index.php\/2016\/11\/16\/generacion-ideas\/"},"wordCount":213,"publisher":{"@id":"https:\/\/escolaj.com\/#organization"},"image":{"@id":"https:\/\/escolaj.com\/index.php\/2016\/11\/16\/generacion-ideas\/#primaryimage"},"thumbnailUrl":"https:\/\/escolaj.com\/wp-content\/uploads\/2016\/11\/choose-us-icon2.png","articleSection":["Uncategorized"],"inLanguage":"es"},{"@type":"WebPage","@id":"https:\/\/escolaj.com\/index.php\/2016\/11\/16\/generacion-ideas\/","url":"https:\/\/escolaj.com\/index.php\/2016\/11\/16\/generacion-ideas\/","name":"Generaci\u00f3n de ideas en el \u00e1mbito jur\u00eddico - Escolaj","isPartOf":{"@id":"https:\/\/escolaj.com\/#website"},"primaryImageOfPage":{"@id":"https:\/\/escolaj.com\/index.php\/2016\/11\/16\/generacion-ideas\/#primaryimage"},"image":{"@id":"https:\/\/escolaj.com\/index.php\/2016\/11\/16\/generacion-ideas\/#primaryimage"},"thumbnailUrl":"https:\/\/escolaj.com\/wp-content\/uploads\/2016\/11\/choose-us-icon2.png","datePublished":"2016-11-16T08:12:55+00:00","dateModified":"2025-10-05T11:26:54+00:00","breadcrumb":{"@id":"https:\/\/escolaj.com\/index.php\/2016\/11\/16\/generacion-ideas\/#breadcrumb"},"inLanguage":"es","potentialAction":[{"@type":"ReadAction","target":["https:\/\/escolaj.com\/index.php\/2016\/11\/16\/generacion-ideas\/"]}]},{"@type":"ImageObject","inLanguage":"es","@id":"https:\/\/escolaj.com\/index.php\/2016\/11\/16\/generacion-ideas\/#primaryimage","url":"https:\/\/escolaj.com\/wp-content\/uploads\/2016\/11\/choose-us-icon2.png","contentUrl":"https:\/\/escolaj.com\/wp-content\/uploads\/2016\/11\/choose-us-icon2.png","width":52,"height":56},{"@type":"BreadcrumbList","@id":"https:\/\/escolaj.com\/index.php\/2016\/11\/16\/generacion-ideas\/#breadcrumb","itemListElement":[{"@type":"ListItem","position":1,"name":"Portada","item":"https:\/\/escolaj.com\/"},{"@type":"ListItem","position":2,"name":"Generaci\u00f3n de ideas en el \u00e1mbito jur\u00eddico"}]},{"@type":"WebSite","@id":"https:\/\/escolaj.com\/#website","url":"https:\/\/escolaj.com\/","name":"Escolaj","description":"","publisher":{"@id":"https:\/\/escolaj.com\/#organization"},"potentialAction":[{"@type":"SearchAction","target":{"@type":"EntryPoint","urlTemplate":"https:\/\/escolaj.com\/?s={search_term_string}"},"query-input":{"@type":"PropertyValueSpecification","valueRequired":true,"valueName":"search_term_string"}}],"inLanguage":"es"},{"@type":"Organization","@id":"https:\/\/escolaj.com\/#organization","name":"Escolaj","url":"https:\/\/escolaj.com\/","logo":{"@type":"ImageObject","inLanguage":"es","@id":"https:\/\/escolaj.com\/#\/schema\/logo\/image\/","url":"https:\/\/escolaj.com\/wp-content\/uploads\/2025\/10\/escolaj-photo_2025-10-05_10-59-00.jpg","contentUrl":"https:\/\/escolaj.com\/wp-content\/uploads\/2025\/10\/escolaj-photo_2025-10-05_10-59-00.jpg","width":986,"height":1074,"caption":"Escolaj"},"image":{"@id":"https:\/\/escolaj.com\/#\/schema\/logo\/image\/"}},{"@type":"Person","@id":"https:\/\/escolaj.com\/#\/schema\/person\/2cde39bc3e4644bd3c1bc46d69a1b052","name":"admin","image":{"@type":"ImageObject","inLanguage":"es","@id":"https:\/\/escolaj.com\/#\/schema\/person\/image\/","url":"https:\/\/secure.gravatar.com\/avatar\/508450c2bab24121198a6d7f9e0d2af23d4009e872cfa7d3f272371e28ca7f8f?s=96&d=mm&r=g","contentUrl":"https:\/\/secure.gravatar.com\/avatar\/508450c2bab24121198a6d7f9e0d2af23d4009e872cfa7d3f272371e28ca7f8f?s=96&d=mm&r=g","caption":"admin"},"sameAs":["https:\/\/escolaj.com"],"url":"https:\/\/escolaj.com\/index.php\/author\/escolaj-jesabogado1234\/"}]}},"_links":{"self":[{"href":"https:\/\/escolaj.com\/index.php\/wp-json\/wp\/v2\/posts\/287","targetHints":{"allow":["GET"]}}],"collection":[{"href":"https:\/\/escolaj.com\/index.php\/wp-json\/wp\/v2\/posts"}],"about":[{"href":"https:\/\/escolaj.com\/index.php\/wp-json\/wp\/v2\/types\/post"}],"author":[{"embeddable":true,"href":"https:\/\/escolaj.com\/index.php\/wp-json\/wp\/v2\/users\/1"}],"replies":[{"embeddable":true,"href":"https:\/\/escolaj.com\/index.php\/wp-json\/wp\/v2\/comments?post=287"}],"version-history":[{"count":2,"href":"https:\/\/escolaj.com\/index.php\/wp-json\/wp\/v2\/posts\/287\/revisions"}],"predecessor-version":[{"id":449,"href":"https:\/\/escolaj.com\/index.php\/wp-json\/wp\/v2\/posts\/287\/revisions\/449"}],"wp:featuredmedia":[{"embeddable":true,"href":"https:\/\/escolaj.com\/index.php\/wp-json\/wp\/v2\/media\/249"}],"wp:attachment":[{"href":"https:\/\/escolaj.com\/index.php\/wp-json\/wp\/v2\/media?parent=287"}],"wp:term":[{"taxonomy":"category","embeddable":true,"href":"https:\/\/escolaj.com\/index.php\/wp-json\/wp\/v2\/categories?post=287"},{"taxonomy":"post_tag","embeddable":true,"href":"https:\/\/escolaj.com\/index.php\/wp-json\/wp\/v2\/tags?post=287"}],"curies":[{"name":"wp","href":"https:\/\/api.w.org\/{rel}","templated":true}]}}