{"id":289,"date":"2016-11-16T08:15:59","date_gmt":"2016-11-16T08:15:59","guid":{"rendered":"https:\/\/raratheme.com\/preview\/education-zone\/?p=289"},"modified":"2025-10-05T11:13:50","modified_gmt":"2025-10-05T11:13:50","slug":"formacion-juridica-global","status":"publish","type":"post","link":"https:\/\/escolaj.com\/index.php\/2016\/11\/16\/formacion-juridica-global\/","title":{"rendered":"Formaci\u00f3n jur\u00eddica global"},"content":{"rendered":"<p data-start=\"467\" data-end=\"812\">El <strong data-start=\"470\" data-end=\"481\">Derecho<\/strong> es una disciplina que trasciende fronteras.<br data-start=\"525\" data-end=\"528\" \/>En un mundo interconectado, los retos jur\u00eddicos \u2014como la protecci\u00f3n de los derechos humanos, la digitalizaci\u00f3n, la cooperaci\u00f3n judicial o el comercio internacional\u2014 exigen una <strong data-start=\"704\" data-end=\"721\">visi\u00f3n global<\/strong> del conocimiento y una <strong data-start=\"745\" data-end=\"767\">formaci\u00f3n continua<\/strong> capaz de adaptarse a contextos cambiantes.<\/p>\n<p data-start=\"814\" data-end=\"1257\">Desde <strong data-start=\"820\" data-end=\"831\">Escolaj<\/strong>, promovemos un enfoque abierto y plural del aprendizaje jur\u00eddico.<br data-start=\"897\" data-end=\"900\" \/>Compartir materiales, modelos y experiencias permite comprender mejor la complejidad del sistema judicial y enriquecer la pr\u00e1ctica profesional desde diferentes perspectivas.<br data-start=\"1073\" data-end=\"1076\" \/>El intercambio de ideas entre jueces, fiscales, letrados y abogados no solo fortalece el conocimiento t\u00e9cnico, sino tambi\u00e9n la <strong data-start=\"1203\" data-end=\"1229\">cultura jur\u00eddica com\u00fan<\/strong> que sustenta la justicia.<\/p>\n<div id='gallery-1' class='gallery galleryid-289 gallery-columns-2 gallery-size-medium'><figure class='gallery-item'>\n\t\t\t<div class='gallery-icon landscape'>\n\t\t\t\t<a href='https:\/\/escolaj.com\/index.php\/2016\/11\/16\/formacion-juridica-global\/jurisdiction-677940_640\/'><img loading=\"lazy\" decoding=\"async\" width=\"300\" height=\"201\" src=\"https:\/\/escolaj.com\/wp-content\/uploads\/2016\/11\/jurisdiction-677940_640-300x201.jpg\" class=\"attachment-medium size-medium\" alt=\"\" srcset=\"https:\/\/escolaj.com\/wp-content\/uploads\/2016\/11\/jurisdiction-677940_640-300x201.jpg 300w, https:\/\/escolaj.com\/wp-content\/uploads\/2016\/11\/jurisdiction-677940_640.jpg 640w\" sizes=\"auto, (max-width: 300px) 100vw, 300px\" \/><\/a>\n\t\t\t<\/div><\/figure><figure class='gallery-item'>\n\t\t\t<div class='gallery-icon landscape'>\n\t\t\t\t<a href='https:\/\/escolaj.com\/index.php\/2016\/11\/16\/formacion-juridica-global\/george-peabody-library-1629308_640\/'><img loading=\"lazy\" decoding=\"async\" width=\"300\" height=\"200\" src=\"https:\/\/escolaj.com\/wp-content\/uploads\/2016\/11\/george-peabody-library-1629308_640-300x200.jpg\" class=\"attachment-medium size-medium\" alt=\"\" srcset=\"https:\/\/escolaj.com\/wp-content\/uploads\/2016\/11\/george-peabody-library-1629308_640-300x200.jpg 300w, https:\/\/escolaj.com\/wp-content\/uploads\/2016\/11\/george-peabody-library-1629308_640.jpg 640w\" sizes=\"auto, (max-width: 300px) 100vw, 300px\" \/><\/a>\n\t\t\t<\/div><\/figure>\n\t\t<\/div>\n\n<p data-start=\"1259\" data-end=\"1560\">En todos los \u00e1mbitos del Derecho, la formaci\u00f3n pr\u00e1ctica y el estudio riguroso son tan necesarios como la colaboraci\u00f3n.<br data-start=\"1377\" data-end=\"1380\" \/>El <strong data-start=\"1383\" data-end=\"1409\">aprendizaje compartido<\/strong> impulsa la eficiencia, la coherencia y la innovaci\u00f3n jur\u00eddica, del mismo modo que el trabajo en equipo garantiza el avance colectivo en la sociedad.<\/p>\n<p data-start=\"1562\" data-end=\"1852\"><strong data-start=\"1562\" data-end=\"1573\">Escolaj<\/strong> aspira a ser un punto de encuentro en ese esfuerzo global: un espacio donde los operadores jur\u00eddicos puedan acceder a <strong data-start=\"1692\" data-end=\"1753\">recursos fiables, an\u00e1lisis comparados y materiales \u00fatiles<\/strong> que contribuyan al perfeccionamiento de la profesi\u00f3n y al fortalecimiento del Estado de Derecho.<\/p>\n","protected":false},"excerpt":{"rendered":"<p>We believe that education should have a global reach that is why we make you ready for the world.<\/p>\n","protected":false},"author":1,"featured_media":247,"comment_status":"closed","ping_status":"open","sticky":false,"template":"","format":"standard","meta":{"footnotes":""},"categories":[1],"tags":[],"class_list":["post-289","post","type-post","status-publish","format-standard","has-post-thumbnail","hentry","category-uncategorized"],"yoast_head":"<!-- This site is optimized with the Yoast SEO plugin v26.0 - https:\/\/yoast.com\/wordpress\/plugins\/seo\/ -->\n<title>Formaci\u00f3n jur\u00eddica global - Escolaj<\/title>\n<meta name=\"robots\" content=\"index, follow, max-snippet:-1, max-image-preview:large, max-video-preview:-1\" \/>\n<link rel=\"canonical\" href=\"https:\/\/escolaj.com\/index.php\/2016\/11\/16\/formacion-juridica-global\/\" \/>\n<meta property=\"og:locale\" content=\"es_ES\" \/>\n<meta property=\"og:type\" content=\"article\" \/>\n<meta property=\"og:title\" content=\"Formaci\u00f3n jur\u00eddica global - Escolaj\" \/>\n<meta property=\"og:description\" content=\"We believe that education should have a global reach that is why we make you ready for the world.\" \/>\n<meta property=\"og:url\" content=\"https:\/\/escolaj.com\/index.php\/2016\/11\/16\/formacion-juridica-global\/\" \/>\n<meta property=\"og:site_name\" content=\"Escolaj\" \/>\n<meta property=\"article:published_time\" content=\"2016-11-16T08:15:59+00:00\" \/>\n<meta property=\"article:modified_time\" content=\"2025-10-05T11:13:50+00:00\" \/>\n<meta property=\"og:image\" content=\"https:\/\/escolaj.com\/wp-content\/uploads\/2016\/11\/choose-us-icon4.png\" \/>\n\t<meta property=\"og:image:width\" content=\"38\" \/>\n\t<meta property=\"og:image:height\" content=\"49\" \/>\n\t<meta property=\"og:image:type\" content=\"image\/png\" \/>\n<meta name=\"author\" content=\"admin\" \/>\n<meta name=\"twitter:card\" content=\"summary_large_image\" \/>\n<meta name=\"twitter:label1\" content=\"Escrito por\" \/>\n\t<meta name=\"twitter:data1\" content=\"admin\" \/>\n\t<meta name=\"twitter:label2\" content=\"Tiempo de lectura\" \/>\n\t<meta name=\"twitter:data2\" content=\"2 minutos\" \/>\n<script type=\"application\/ld+json\" class=\"yoast-schema-graph\">{\"@context\":\"https:\/\/schema.org\",\"@graph\":[{\"@type\":\"Article\",\"@id\":\"https:\/\/escolaj.com\/index.php\/2016\/11\/16\/formacion-juridica-global\/#article\",\"isPartOf\":{\"@id\":\"https:\/\/escolaj.com\/index.php\/2016\/11\/16\/formacion-juridica-global\/\"},\"author\":{\"name\":\"admin\",\"@id\":\"https:\/\/escolaj.com\/#\/schema\/person\/2cde39bc3e4644bd3c1bc46d69a1b052\"},\"headline\":\"Formaci\u00f3n jur\u00eddica global\",\"datePublished\":\"2016-11-16T08:15:59+00:00\",\"dateModified\":\"2025-10-05T11:13:50+00:00\",\"mainEntityOfPage\":{\"@id\":\"https:\/\/escolaj.com\/index.php\/2016\/11\/16\/formacion-juridica-global\/\"},\"wordCount\":225,\"publisher\":{\"@id\":\"https:\/\/escolaj.com\/#organization\"},\"image\":{\"@id\":\"https:\/\/escolaj.com\/index.php\/2016\/11\/16\/formacion-juridica-global\/#primaryimage\"},\"thumbnailUrl\":\"https:\/\/escolaj.com\/wp-content\/uploads\/2016\/11\/choose-us-icon4.png\",\"articleSection\":[\"Uncategorized\"],\"inLanguage\":\"es\"},{\"@type\":\"WebPage\",\"@id\":\"https:\/\/escolaj.com\/index.php\/2016\/11\/16\/formacion-juridica-global\/\",\"url\":\"https:\/\/escolaj.com\/index.php\/2016\/11\/16\/formacion-juridica-global\/\",\"name\":\"Formaci\u00f3n jur\u00eddica global - Escolaj\",\"isPartOf\":{\"@id\":\"https:\/\/escolaj.com\/#website\"},\"primaryImageOfPage\":{\"@id\":\"https:\/\/escolaj.com\/index.php\/2016\/11\/16\/formacion-juridica-global\/#primaryimage\"},\"image\":{\"@id\":\"https:\/\/escolaj.com\/index.php\/2016\/11\/16\/formacion-juridica-global\/#primaryimage\"},\"thumbnailUrl\":\"https:\/\/escolaj.com\/wp-content\/uploads\/2016\/11\/choose-us-icon4.png\",\"datePublished\":\"2016-11-16T08:15:59+00:00\",\"dateModified\":\"2025-10-05T11:13:50+00:00\",\"breadcrumb\":{\"@id\":\"https:\/\/escolaj.com\/index.php\/2016\/11\/16\/formacion-juridica-global\/#breadcrumb\"},\"inLanguage\":\"es\",\"potentialAction\":[{\"@type\":\"ReadAction\",\"target\":[\"https:\/\/escolaj.com\/index.php\/2016\/11\/16\/formacion-juridica-global\/\"]}]},{\"@type\":\"ImageObject\",\"inLanguage\":\"es\",\"@id\":\"https:\/\/escolaj.com\/index.php\/2016\/11\/16\/formacion-juridica-global\/#primaryimage\",\"url\":\"https:\/\/escolaj.com\/wp-content\/uploads\/2016\/11\/choose-us-icon4.png\",\"contentUrl\":\"https:\/\/escolaj.com\/wp-content\/uploads\/2016\/11\/choose-us-icon4.png\",\"width\":38,\"height\":49},{\"@type\":\"BreadcrumbList\",\"@id\":\"https:\/\/escolaj.com\/index.php\/2016\/11\/16\/formacion-juridica-global\/#breadcrumb\",\"itemListElement\":[{\"@type\":\"ListItem\",\"position\":1,\"name\":\"Portada\",\"item\":\"https:\/\/escolaj.com\/\"},{\"@type\":\"ListItem\",\"position\":2,\"name\":\"Formaci\u00f3n jur\u00eddica global\"}]},{\"@type\":\"WebSite\",\"@id\":\"https:\/\/escolaj.com\/#website\",\"url\":\"https:\/\/escolaj.com\/\",\"name\":\"Escolaj\",\"description\":\"\",\"publisher\":{\"@id\":\"https:\/\/escolaj.com\/#organization\"},\"potentialAction\":[{\"@type\":\"SearchAction\",\"target\":{\"@type\":\"EntryPoint\",\"urlTemplate\":\"https:\/\/escolaj.com\/?s={search_term_string}\"},\"query-input\":{\"@type\":\"PropertyValueSpecification\",\"valueRequired\":true,\"valueName\":\"search_term_string\"}}],\"inLanguage\":\"es\"},{\"@type\":\"Organization\",\"@id\":\"https:\/\/escolaj.com\/#organization\",\"name\":\"Escolaj\",\"url\":\"https:\/\/escolaj.com\/\",\"logo\":{\"@type\":\"ImageObject\",\"inLanguage\":\"es\",\"@id\":\"https:\/\/escolaj.com\/#\/schema\/logo\/image\/\",\"url\":\"https:\/\/escolaj.com\/wp-content\/uploads\/2025\/10\/escolaj-photo_2025-10-05_10-59-00.jpg\",\"contentUrl\":\"https:\/\/escolaj.com\/wp-content\/uploads\/2025\/10\/escolaj-photo_2025-10-05_10-59-00.jpg\",\"width\":986,\"height\":1074,\"caption\":\"Escolaj\"},\"image\":{\"@id\":\"https:\/\/escolaj.com\/#\/schema\/logo\/image\/\"}},{\"@type\":\"Person\",\"@id\":\"https:\/\/escolaj.com\/#\/schema\/person\/2cde39bc3e4644bd3c1bc46d69a1b052\",\"name\":\"admin\",\"image\":{\"@type\":\"ImageObject\",\"inLanguage\":\"es\",\"@id\":\"https:\/\/escolaj.com\/#\/schema\/person\/image\/\",\"url\":\"https:\/\/secure.gravatar.com\/avatar\/508450c2bab24121198a6d7f9e0d2af23d4009e872cfa7d3f272371e28ca7f8f?s=96&d=mm&r=g\",\"contentUrl\":\"https:\/\/secure.gravatar.com\/avatar\/508450c2bab24121198a6d7f9e0d2af23d4009e872cfa7d3f272371e28ca7f8f?s=96&d=mm&r=g\",\"caption\":\"admin\"},\"sameAs\":[\"https:\/\/escolaj.com\"],\"url\":\"https:\/\/escolaj.com\/index.php\/author\/escolaj-jesabogado1234\/\"}]}<\/script>\n<!-- \/ Yoast SEO plugin. -->","yoast_head_json":{"title":"Formaci\u00f3n jur\u00eddica global - Escolaj","robots":{"index":"index","follow":"follow","max-snippet":"max-snippet:-1","max-image-preview":"max-image-preview:large","max-video-preview":"max-video-preview:-1"},"canonical":"https:\/\/escolaj.com\/index.php\/2016\/11\/16\/formacion-juridica-global\/","og_locale":"es_ES","og_type":"article","og_title":"Formaci\u00f3n jur\u00eddica global - Escolaj","og_description":"We believe that education should have a global reach that is why we make you ready for the world.","og_url":"https:\/\/escolaj.com\/index.php\/2016\/11\/16\/formacion-juridica-global\/","og_site_name":"Escolaj","article_published_time":"2016-11-16T08:15:59+00:00","article_modified_time":"2025-10-05T11:13:50+00:00","og_image":[{"width":38,"height":49,"url":"https:\/\/escolaj.com\/wp-content\/uploads\/2016\/11\/choose-us-icon4.png","type":"image\/png"}],"author":"admin","twitter_card":"summary_large_image","twitter_misc":{"Escrito por":"admin","Tiempo de lectura":"2 minutos"},"schema":{"@context":"https:\/\/schema.org","@graph":[{"@type":"Article","@id":"https:\/\/escolaj.com\/index.php\/2016\/11\/16\/formacion-juridica-global\/#article","isPartOf":{"@id":"https:\/\/escolaj.com\/index.php\/2016\/11\/16\/formacion-juridica-global\/"},"author":{"name":"admin","@id":"https:\/\/escolaj.com\/#\/schema\/person\/2cde39bc3e4644bd3c1bc46d69a1b052"},"headline":"Formaci\u00f3n jur\u00eddica global","datePublished":"2016-11-16T08:15:59+00:00","dateModified":"2025-10-05T11:13:50+00:00","mainEntityOfPage":{"@id":"https:\/\/escolaj.com\/index.php\/2016\/11\/16\/formacion-juridica-global\/"},"wordCount":225,"publisher":{"@id":"https:\/\/escolaj.com\/#organization"},"image":{"@id":"https:\/\/escolaj.com\/index.php\/2016\/11\/16\/formacion-juridica-global\/#primaryimage"},"thumbnailUrl":"https:\/\/escolaj.com\/wp-content\/uploads\/2016\/11\/choose-us-icon4.png","articleSection":["Uncategorized"],"inLanguage":"es"},{"@type":"WebPage","@id":"https:\/\/escolaj.com\/index.php\/2016\/11\/16\/formacion-juridica-global\/","url":"https:\/\/escolaj.com\/index.php\/2016\/11\/16\/formacion-juridica-global\/","name":"Formaci\u00f3n jur\u00eddica global - Escolaj","isPartOf":{"@id":"https:\/\/escolaj.com\/#website"},"primaryImageOfPage":{"@id":"https:\/\/escolaj.com\/index.php\/2016\/11\/16\/formacion-juridica-global\/#primaryimage"},"image":{"@id":"https:\/\/escolaj.com\/index.php\/2016\/11\/16\/formacion-juridica-global\/#primaryimage"},"thumbnailUrl":"https:\/\/escolaj.com\/wp-content\/uploads\/2016\/11\/choose-us-icon4.png","datePublished":"2016-11-16T08:15:59+00:00","dateModified":"2025-10-05T11:13:50+00:00","breadcrumb":{"@id":"https:\/\/escolaj.com\/index.php\/2016\/11\/16\/formacion-juridica-global\/#breadcrumb"},"inLanguage":"es","potentialAction":[{"@type":"ReadAction","target":["https:\/\/escolaj.com\/index.php\/2016\/11\/16\/formacion-juridica-global\/"]}]},{"@type":"ImageObject","inLanguage":"es","@id":"https:\/\/escolaj.com\/index.php\/2016\/11\/16\/formacion-juridica-global\/#primaryimage","url":"https:\/\/escolaj.com\/wp-content\/uploads\/2016\/11\/choose-us-icon4.png","contentUrl":"https:\/\/escolaj.com\/wp-content\/uploads\/2016\/11\/choose-us-icon4.png","width":38,"height":49},{"@type":"BreadcrumbList","@id":"https:\/\/escolaj.com\/index.php\/2016\/11\/16\/formacion-juridica-global\/#breadcrumb","itemListElement":[{"@type":"ListItem","position":1,"name":"Portada","item":"https:\/\/escolaj.com\/"},{"@type":"ListItem","position":2,"name":"Formaci\u00f3n jur\u00eddica global"}]},{"@type":"WebSite","@id":"https:\/\/escolaj.com\/#website","url":"https:\/\/escolaj.com\/","name":"Escolaj","description":"","publisher":{"@id":"https:\/\/escolaj.com\/#organization"},"potentialAction":[{"@type":"SearchAction","target":{"@type":"EntryPoint","urlTemplate":"https:\/\/escolaj.com\/?s={search_term_string}"},"query-input":{"@type":"PropertyValueSpecification","valueRequired":true,"valueName":"search_term_string"}}],"inLanguage":"es"},{"@type":"Organization","@id":"https:\/\/escolaj.com\/#organization","name":"Escolaj","url":"https:\/\/escolaj.com\/","logo":{"@type":"ImageObject","inLanguage":"es","@id":"https:\/\/escolaj.com\/#\/schema\/logo\/image\/","url":"https:\/\/escolaj.com\/wp-content\/uploads\/2025\/10\/escolaj-photo_2025-10-05_10-59-00.jpg","contentUrl":"https:\/\/escolaj.com\/wp-content\/uploads\/2025\/10\/escolaj-photo_2025-10-05_10-59-00.jpg","width":986,"height":1074,"caption":"Escolaj"},"image":{"@id":"https:\/\/escolaj.com\/#\/schema\/logo\/image\/"}},{"@type":"Person","@id":"https:\/\/escolaj.com\/#\/schema\/person\/2cde39bc3e4644bd3c1bc46d69a1b052","name":"admin","image":{"@type":"ImageObject","inLanguage":"es","@id":"https:\/\/escolaj.com\/#\/schema\/person\/image\/","url":"https:\/\/secure.gravatar.com\/avatar\/508450c2bab24121198a6d7f9e0d2af23d4009e872cfa7d3f272371e28ca7f8f?s=96&d=mm&r=g","contentUrl":"https:\/\/secure.gravatar.com\/avatar\/508450c2bab24121198a6d7f9e0d2af23d4009e872cfa7d3f272371e28ca7f8f?s=96&d=mm&r=g","caption":"admin"},"sameAs":["https:\/\/escolaj.com"],"url":"https:\/\/escolaj.com\/index.php\/author\/escolaj-jesabogado1234\/"}]}},"_links":{"self":[{"href":"https:\/\/escolaj.com\/index.php\/wp-json\/wp\/v2\/posts\/289","targetHints":{"allow":["GET"]}}],"collection":[{"href":"https:\/\/escolaj.com\/index.php\/wp-json\/wp\/v2\/posts"}],"about":[{"href":"https:\/\/escolaj.com\/index.php\/wp-json\/wp\/v2\/types\/post"}],"author":[{"embeddable":true,"href":"https:\/\/escolaj.com\/index.php\/wp-json\/wp\/v2\/users\/1"}],"replies":[{"embeddable":true,"href":"https:\/\/escolaj.com\/index.php\/wp-json\/wp\/v2\/comments?post=289"}],"version-history":[{"count":2,"href":"https:\/\/escolaj.com\/index.php\/wp-json\/wp\/v2\/posts\/289\/revisions"}],"predecessor-version":[{"id":443,"href":"https:\/\/escolaj.com\/index.php\/wp-json\/wp\/v2\/posts\/289\/revisions\/443"}],"wp:featuredmedia":[{"embeddable":true,"href":"https:\/\/escolaj.com\/index.php\/wp-json\/wp\/v2\/media\/247"}],"wp:attachment":[{"href":"https:\/\/escolaj.com\/index.php\/wp-json\/wp\/v2\/media?parent=289"}],"wp:term":[{"taxonomy":"category","embeddable":true,"href":"https:\/\/escolaj.com\/index.php\/wp-json\/wp\/v2\/categories?post=289"},{"taxonomy":"post_tag","embeddable":true,"href":"https:\/\/escolaj.com\/index.php\/wp-json\/wp\/v2\/tags?post=289"}],"curies":[{"name":"wp","href":"https:\/\/api.w.org\/{rel}","templated":true}]}}